{"id":49964,"date":"2026-01-16T14:36:07","date_gmt":"2026-01-16T14:36:07","guid":{"rendered":"https:\/\/haberbesiktas.tr\/?p=49964"},"modified":"2026-01-16T14:36:07","modified_gmt":"2026-01-16T14:36:07","slug":"tffden-ibrahim-haciosmanoglunun-saglik-durumuna-iliskin-aciklama","status":"publish","type":"post","link":"https:\/\/haberbesiktas.tr\/?p=49964","title":{"rendered":"TFF&#8217;den \u0130brahim Hac\u0131osmano\u011flu&#8217;nun sa\u011fl\u0131k durumuna ili\u015fkin a\u00e7\u0131klama"},"content":{"rendered":"<div>TFF&#8217;den \u0130brahim Hac\u0131osmano\u011flu&#8217;nun s\u0131hhat durumuna ait a\u00e7\u0131klama geldi.<\/p>\n<p> TFF&#8217;nin a\u00e7\u0131klamas\u0131nda \u015fu s\u00f6zler kullan\u0131ld\u0131:<\/p>\n<p> &#8220;Federasyon Liderimiz Say\u0131n \u0130brahim Ethem Hac\u0131osmano\u011flu, d\u00fcn denetim gayeli bir s\u0131hhat kurulu\u015funa ba\u015fvurmu\u015ftur.<\/p>\n<p> Yap\u0131lan tetkikler sonucunda s\u0131hhat durumunun g\u00fczel oldu\u011fu belirlenmi\u015f olup kendisi konutunda istirahat etmektedir.<\/p>\n<p>Kamuoyunun bilgisine h\u00fcrmetle sunar\u0131z.&#8221;<\/p>\n<\/div>\n","protected":false},"excerpt":{"rendered":"<p>TFF, \u0130brahim Hac\u0131osmano\u011flu&#8217;nun denetim maksatl\u0131 s\u0131hhat kurulu\u015funa gitti\u011fini duyurdu.<\/p>\n","protected":false},"author":1,"featured_media":49965,"comment_status":"open","ping_status":"open","sticky":false,"template":"","format":"standard","meta":{"footnotes":""},"categories":[25],"tags":[],"class_list":["post-49964","post","type-post","status-publish","format-standard","has-post-thumbnail","hentry","category-futbol"],"_links":{"self":[{"href":"https:\/\/haberbesiktas.tr\/index.php?rest_route=\/wp\/v2\/posts\/49964","targetHints":{"allow":["GET"]}}],"collection":[{"href":"https:\/\/haberbesiktas.tr\/index.php?rest_route=\/wp\/v2\/posts"}],"about":[{"href":"https:\/\/haberbesiktas.tr\/index.php?rest_route=\/wp\/v2\/types\/post"}],"author":[{"embeddable":true,"href":"https:\/\/haberbesiktas.tr\/index.php?rest_route=\/wp\/v2\/users\/1"}],"replies":[{"embeddable":true,"href":"https:\/\/haberbesiktas.tr\/index.php?rest_route=%2Fwp%2Fv2%2Fcomments&post=49964"}],"version-history":[{"count":1,"href":"https:\/\/haberbesiktas.tr\/index.php?rest_route=\/wp\/v2\/posts\/49964\/revisions"}],"predecessor-version":[{"id":49966,"href":"https:\/\/haberbesiktas.tr\/index.php?rest_route=\/wp\/v2\/posts\/49964\/revisions\/49966"}],"wp:featuredmedia":[{"embeddable":true,"href":"https:\/\/haberbesiktas.tr\/index.php?rest_route=\/wp\/v2\/media\/49965"}],"wp:attachment":[{"href":"https:\/\/haberbesiktas.tr\/index.php?rest_route=%2Fwp%2Fv2%2Fmedia&parent=49964"}],"wp:term":[{"taxonomy":"category","embeddable":true,"href":"https:\/\/haberbesiktas.tr\/index.php?rest_route=%2Fwp%2Fv2%2Fcategories&post=49964"},{"taxonomy":"post_tag","embeddable":true,"href":"https:\/\/haberbesiktas.tr\/index.php?rest_route=%2Fwp%2Fv2%2Ftags&post=49964"}],"curies":[{"name":"wp","href":"https:\/\/api.w.org\/{rel}","templated":true}]}}