{"id":49967,"date":"2026-01-16T14:48:04","date_gmt":"2026-01-16T14:48:04","guid":{"rendered":"https:\/\/haberbesiktas.tr\/?p=49967"},"modified":"2026-01-16T14:48:04","modified_gmt":"2026-01-16T14:48:04","slug":"torreiranin-menajerinden-aciklama-evine-yakin-olmak-istiyor","status":"publish","type":"post","link":"https:\/\/haberbesiktas.tr\/?p=49967","title":{"rendered":"Torreira&#8217;n\u0131n menajerinden a\u00e7\u0131klama: &#8220;Evine yak\u0131n olmak istiyor&#8221;"},"content":{"rendered":"<div>\n<div>Galatasaray&#8217;\u0131n Uruguayl\u0131 orta saha oyuncusu Lucas Torreira i\u00e7in Brezilya&#8217;dan bir kul\u00fcp devreye girdi.<\/div>\n<div>\u00a0<\/div>\n<div>Torreira&#8217;n\u0131n menajeri Pablo Bentancur, oyuncusuna Galatasaray&#8217;da kazand\u0131\u011f\u0131 maa\u015f\u0131n birebirini \u00f6demek i\u00e7in \u00f6nemli efor sarf edildi\u011fini a\u00e7\u0131klad\u0131.<\/div>\n<div>\u00a0<\/div>\n<div>Bentancur, <strong>&#8220;Brezilya&#8217;dan bir kul\u00fcp, Torreira&#8217;ya Galatasaray&#8217;da kazand\u0131\u011f\u0131 maa\u015f\u0131n birebirini \u00f6demek i\u00e7in k\u0131ymetli u\u011fra\u015f g\u00f6steriyor. Kul\u00fcpler ortas\u0131nda resmi mesajla\u015fmalar oluyor. Ge\u00e7enlerde \u0130stanbul&#8217;da kald\u0131m. Lucas biraz motivasyonunu kaybetmi\u015f durumda, meskenine daha yak\u0131n olmak istiyor. Uzun y\u0131llard\u0131r uzaklarda oynuyor. B\u00fct\u00e7esel olarak da asl\u0131nda g\u00fczel bir birikim yapt\u0131.&#8221;<\/strong>\u00a0dedi.<\/div>\n<div>\u00a0<\/div>\n<div>Galatasaray&#8217;da mukavelesini s\u00fcrd\u00fcren Torreira&#8217;n\u0131n, ailesine ve konutuna yak\u0131n bir se\u00e7enek arad\u0131\u011f\u0131, transferin \u00f6n\u00fcm\u00fczdeki periyotta netlik kazanabilece\u011fi tabir ediliyor.<\/div>\n<\/p><\/div>\n","protected":false},"excerpt":{"rendered":"<p>Galatasaray&#8217;\u0131n Uruguayl\u0131 orta saha oyuncusu Lucas Torreira i\u00e7in menajerinden \u00e7arp\u0131c\u0131 a\u00e7\u0131klamalar geldi.<\/p>\n","protected":false},"author":1,"featured_media":49968,"comment_status":"open","ping_status":"open","sticky":false,"template":"","format":"standard","meta":{"footnotes":""},"categories":[25],"tags":[],"class_list":["post-49967","post","type-post","status-publish","format-standard","has-post-thumbnail","hentry","category-futbol"],"_links":{"self":[{"href":"https:\/\/haberbesiktas.tr\/index.php?rest_route=\/wp\/v2\/posts\/49967","targetHints":{"allow":["GET"]}}],"collection":[{"href":"https:\/\/haberbesiktas.tr\/index.php?rest_route=\/wp\/v2\/posts"}],"about":[{"href":"https:\/\/haberbesiktas.tr\/index.php?rest_route=\/wp\/v2\/types\/post"}],"author":[{"embeddable":true,"href":"https:\/\/haberbesiktas.tr\/index.php?rest_route=\/wp\/v2\/users\/1"}],"replies":[{"embeddable":true,"href":"https:\/\/haberbesiktas.tr\/index.php?rest_route=%2Fwp%2Fv2%2Fcomments&post=49967"}],"version-history":[{"count":1,"href":"https:\/\/haberbesiktas.tr\/index.php?rest_route=\/wp\/v2\/posts\/49967\/revisions"}],"predecessor-version":[{"id":49969,"href":"https:\/\/haberbesiktas.tr\/index.php?rest_route=\/wp\/v2\/posts\/49967\/revisions\/49969"}],"wp:featuredmedia":[{"embeddable":true,"href":"https:\/\/haberbesiktas.tr\/index.php?rest_route=\/wp\/v2\/media\/49968"}],"wp:attachment":[{"href":"https:\/\/haberbesiktas.tr\/index.php?rest_route=%2Fwp%2Fv2%2Fmedia&parent=49967"}],"wp:term":[{"taxonomy":"category","embeddable":true,"href":"https:\/\/haberbesiktas.tr\/index.php?rest_route=%2Fwp%2Fv2%2Fcategories&post=49967"},{"taxonomy":"post_tag","embeddable":true,"href":"https:\/\/haberbesiktas.tr\/index.php?rest_route=%2Fwp%2Fv2%2Ftags&post=49967"}],"curies":[{"name":"wp","href":"https:\/\/api.w.org\/{rel}","templated":true}]}}