{"id":49970,"date":"2026-01-16T15:00:06","date_gmt":"2026-01-16T15:00:06","guid":{"rendered":"https:\/\/haberbesiktas.tr\/?p=49970"},"modified":"2026-01-16T15:00:06","modified_gmt":"2026-01-16T15:00:06","slug":"wilfred-ndidiye-laligadan-surpriz-talip","status":"publish","type":"post","link":"https:\/\/haberbesiktas.tr\/?p=49970","title":{"rendered":"Wilfred Ndidi&#8217;ye LaLiga&#8217;dan s\u00fcrpriz talip!"},"content":{"rendered":"<div>Ara transfer periyodunda \u00e7al\u0131\u015fmalar\u0131n\u0131 s\u00fcrd\u00fcren Be\u015fikta\u015f&#8217;ta, dikkat \u00e7eken bir geli\u015fme ya\u015fand\u0131.<\/p>\n<p> \u0130spanyol futbolunun esasl\u0131 kul\u00fcplerinden Valencia, ge\u00e7en yaz da ilgilendi\u011fi Siyah-Beyazl\u0131lar&#8217;\u0131n Nijeryal\u0131 orta saha oyuncusu Wilfred Ndidi&#8217;yi transfer listesinin en \u00fcst s\u0131ras\u0131na yazd\u0131.<\/p>\n<p> \u0130spanyol bas\u0131n\u0131ndan Tribuna Deportiva&#8217;n\u0131n haberine nazaran; Valencia idaresi, Be\u015fikta\u015f&#8217;\u0131n kap\u0131s\u0131n\u0131 \u00e7almaya haz\u0131rlan\u0131yor. <\/p>\n<p> Haberde, ekonomik istikrarlar\u0131 g\u00f6zeterek hareket eden \u0130spanyol tak\u0131m\u0131n\u0131n, Ndidi i\u00e7in sat\u0131n alma opsiyonlu kiralama teklifi ile Be\u015fikta\u015f&#8217;\u0131n kap\u0131s\u0131n\u0131 \u00e7almaya haz\u0131rland\u0131\u011f\u0131 s\u00f6z edildi.<\/p>\n<p> \u00d6te yandan Valencia&#8217;n\u0131n, d\u00f6nem sonuna kadar kiral\u0131k olarak tak\u0131m\u0131na katmak istedi\u011fi oyuncunun kontrat\u0131na, d\u00f6nem sonunda devreye girecek bir sat\u0131n alma unsuru ekletmek istedi\u011fi belirtildi.<\/p>\n<p> Resmi teklifin k\u0131sa m\u00fcddet i\u00e7inde Be\u015fikta\u015f idaresine iletilmesi bekleniyor.<\/p>\n<p> Wilfred Ndidi&#8217;nin akt\u00fcel piyasa bedeli 10 milyon euro olarak g\u00f6steriliyor. As\u0131l mevkisi \u00f6n libero olan Nijeryal\u0131 futbolcu, gerekti\u011finde merkez orta saha rol\u00fcnde de vazife yapabiliyor.<\/p>\n<p> <strong>BU D\u00d6NEM NDIDI<\/strong><\/p>\n<p> 29 ya\u015f\u0131ndaki tecr\u00fcbeli orta saha oyuncusu, bu d\u00f6nem Be\u015fikta\u015f formas\u0131yla 16 resmi ma\u00e7ta misyon ald\u0131 ve 1 gol kaydetti.<\/p>\n<p> <strong>P\u0130YASA BEDEL\u0130 10 M\u0130LYON EURO<\/strong><\/p>\n<p> Wilfred Ndidi&#8217;nin yeni piyasa pahas\u0131 10 milyon euro olarak g\u00f6steriliyor.\u00a0\u00a0<\/p>\n<p> \u00a0<\/p>\n<\/div>\n","protected":false},"excerpt":{"rendered":"<p>Valencia, Be\u015fikta\u015f&#8217;\u0131n y\u0131ld\u0131z\u0131 Wilfred Ndidi i\u00e7in harekete ge\u00e7ti. \u0130spanyol grubu, LaLiga tak\u0131m\u0131, Ndidi i\u00e7in sat\u0131n alma opsiyonlu kiralama teklifi ile Be\u015fikta\u015f&#8217;\u0131n kap\u0131s\u0131n\u0131 \u00e7almaya haz\u0131rlan\u0131yor.<\/p>\n","protected":false},"author":1,"featured_media":49971,"comment_status":"open","ping_status":"open","sticky":false,"template":"","format":"standard","meta":{"footnotes":""},"categories":[25],"tags":[71],"class_list":["post-49970","post","type-post","status-publish","format-standard","has-post-thumbnail","hentry","category-futbol","tag-besiktas"],"_links":{"self":[{"href":"https:\/\/haberbesiktas.tr\/index.php?rest_route=\/wp\/v2\/posts\/49970","targetHints":{"allow":["GET"]}}],"collection":[{"href":"https:\/\/haberbesiktas.tr\/index.php?rest_route=\/wp\/v2\/posts"}],"about":[{"href":"https:\/\/haberbesiktas.tr\/index.php?rest_route=\/wp\/v2\/types\/post"}],"author":[{"embeddable":true,"href":"https:\/\/haberbesiktas.tr\/index.php?rest_route=\/wp\/v2\/users\/1"}],"replies":[{"embeddable":true,"href":"https:\/\/haberbesiktas.tr\/index.php?rest_route=%2Fwp%2Fv2%2Fcomments&post=49970"}],"version-history":[{"count":1,"href":"https:\/\/haberbesiktas.tr\/index.php?rest_route=\/wp\/v2\/posts\/49970\/revisions"}],"predecessor-version":[{"id":49972,"href":"https:\/\/haberbesiktas.tr\/index.php?rest_route=\/wp\/v2\/posts\/49970\/revisions\/49972"}],"wp:featuredmedia":[{"embeddable":true,"href":"https:\/\/haberbesiktas.tr\/index.php?rest_route=\/wp\/v2\/media\/49971"}],"wp:attachment":[{"href":"https:\/\/haberbesiktas.tr\/index.php?rest_route=%2Fwp%2Fv2%2Fmedia&parent=49970"}],"wp:term":[{"taxonomy":"category","embeddable":true,"href":"https:\/\/haberbesiktas.tr\/index.php?rest_route=%2Fwp%2Fv2%2Fcategories&post=49970"},{"taxonomy":"post_tag","embeddable":true,"href":"https:\/\/haberbesiktas.tr\/index.php?rest_route=%2Fwp%2Fv2%2Ftags&post=49970"}],"curies":[{"name":"wp","href":"https:\/\/api.w.org\/{rel}","templated":true}]}}