{"id":49977,"date":"2026-01-16T15:24:07","date_gmt":"2026-01-16T15:24:07","guid":{"rendered":"https:\/\/haberbesiktas.tr\/?p=49977"},"modified":"2026-01-16T15:24:07","modified_gmt":"2026-01-16T15:24:07","slug":"afrika-uluslar-kupasinda-ucunculuk-maci-misir-nijerya","status":"publish","type":"post","link":"https:\/\/haberbesiktas.tr\/?p=49977","title":{"rendered":"Afrika Uluslar Kupas\u0131&#8217;nda \u00fc\u00e7\u00fcnc\u00fcl\u00fck ma\u00e7\u0131: M\u0131s\u0131r \u2013 Nijerya"},"content":{"rendered":"<div>\n<div>Fas&#8217;\u0131n mesken sahipli\u011findeki Afrika Uluslar Kupas\u0131&#8217;n\u0131n \u00fc\u00e7\u00fcnc\u00fcl\u00fck ma\u00e7\u0131nda, M\u0131s\u0131r ile Nijerya yar\u0131n (17 Ocak Cumartesi) kar\u015f\u0131 kar\u015f\u0131ya gelecek.<\/div>\n<div>\u00a0<\/div>\n<div>Kazablanka&#8217;daki 45 bin ki\u015filik V. Muhammed Stad\u0131&#8217;nda oynanacak \u00e7aba, TS\u0130 19.00&#8217;da ba\u015flayacak.<\/div>\n<div>\u00a0<\/div>\n<div>M\u0131s\u0131r yar\u0131 finalde Senegal&#8217;e 1-0 ma\u011flup olurken, Galatasarayl\u0131 Victor Osimhen, Trabzonsporlu Paul Onuachu ve Be\u015fikta\u015fl\u0131 Wilfred Ndidi&#8217;nin formas\u0131n\u0131 giydi\u011fi Nijerya&#8217;ya mesken sahibi Fas penalt\u0131 at\u0131\u015flar\u0131nda 4-2 \u00fcst\u00fcnl\u00fck sa\u011flam\u0131\u015ft\u0131.<\/div>\n<\/p><\/div>\n","protected":false},"excerpt":{"rendered":"<p>Fas&#8217;\u0131n konut sahipli\u011finde d\u00fczenlenen Afrika Uluslar Kupas\u0131&#8217;nda \u00fc\u00e7\u00fcnc\u00fcl\u00fck ma\u00e7\u0131 oynanacak.<\/p>\n","protected":false},"author":1,"featured_media":49978,"comment_status":"open","ping_status":"open","sticky":false,"template":"","format":"standard","meta":{"footnotes":""},"categories":[25],"tags":[],"class_list":["post-49977","post","type-post","status-publish","format-standard","has-post-thumbnail","hentry","category-futbol"],"_links":{"self":[{"href":"https:\/\/haberbesiktas.tr\/index.php?rest_route=\/wp\/v2\/posts\/49977","targetHints":{"allow":["GET"]}}],"collection":[{"href":"https:\/\/haberbesiktas.tr\/index.php?rest_route=\/wp\/v2\/posts"}],"about":[{"href":"https:\/\/haberbesiktas.tr\/index.php?rest_route=\/wp\/v2\/types\/post"}],"author":[{"embeddable":true,"href":"https:\/\/haberbesiktas.tr\/index.php?rest_route=\/wp\/v2\/users\/1"}],"replies":[{"embeddable":true,"href":"https:\/\/haberbesiktas.tr\/index.php?rest_route=%2Fwp%2Fv2%2Fcomments&post=49977"}],"version-history":[{"count":1,"href":"https:\/\/haberbesiktas.tr\/index.php?rest_route=\/wp\/v2\/posts\/49977\/revisions"}],"predecessor-version":[{"id":49979,"href":"https:\/\/haberbesiktas.tr\/index.php?rest_route=\/wp\/v2\/posts\/49977\/revisions\/49979"}],"wp:featuredmedia":[{"embeddable":true,"href":"https:\/\/haberbesiktas.tr\/index.php?rest_route=\/wp\/v2\/media\/49978"}],"wp:attachment":[{"href":"https:\/\/haberbesiktas.tr\/index.php?rest_route=%2Fwp%2Fv2%2Fmedia&parent=49977"}],"wp:term":[{"taxonomy":"category","embeddable":true,"href":"https:\/\/haberbesiktas.tr\/index.php?rest_route=%2Fwp%2Fv2%2Fcategories&post=49977"},{"taxonomy":"post_tag","embeddable":true,"href":"https:\/\/haberbesiktas.tr\/index.php?rest_route=%2Fwp%2Fv2%2Ftags&post=49977"}],"curies":[{"name":"wp","href":"https:\/\/api.w.org\/{rel}","templated":true}]}}