{"id":4998,"date":"2025-01-20T15:35:58","date_gmt":"2025-01-20T15:35:58","guid":{"rendered":"https:\/\/haberbesiktas.tr\/?p=4998"},"modified":"2025-01-20T15:35:58","modified_gmt":"2025-01-20T15:35:58","slug":"galatasaraydan-fenerbahce-maci-sonrasi-paylasim","status":"publish","type":"post","link":"https:\/\/haberbesiktas.tr\/?p=4998","title":{"rendered":"Galatasaray&#8217;dan Fenerbah\u00e7e ma\u00e7\u0131 sonras\u0131 payla\u015f\u0131m!"},"content":{"rendered":"<div>Galatasaray, Konyaspor &#8211; Fenerbah\u00e7e ma\u00e7\u0131n\u0131n akabinde toplumsal medyadan bir payla\u015f\u0131m yapt\u0131.<\/p>\n<p> <strong>Galatasaray&#8217;\u0131n payla\u015f\u0131m\u0131 \u015fu formda:<\/strong><\/p>\n<p> &#8220;VAR&#8221; g\u00fcc\u00fcyle yar\u0131\u015fta tutulanlara, g\u00f6rd\u00fc\u011f\u00fcn\u00fc \u00e7almayan piyonlar\u0131na, kendi palavralar\u0131na inanan ahlaks\u0131zlara inat; sonunda yeniden d\u00fczg\u00fcnler kazanacak!&#8221;<\/p>\n<p> Sar\u0131-k\u0131rm\u0131z\u0131l\u0131lar\u0131n bu payla\u015f\u0131m\u0131 toplumsal medyada b\u00fcy\u00fck yank\u0131 uyand\u0131rd\u0131.<\/p>\n<\/div>\n","protected":false},"excerpt":{"rendered":"<p>Galatasaray, Fenerbah\u00e7e ma\u00e7\u0131 sonras\u0131 bir payla\u015f\u0131m yapt\u0131. \u0130\u015fte detaylar&#8230;<\/p>\n","protected":false},"author":1,"featured_media":4999,"comment_status":"open","ping_status":"open","sticky":false,"template":"","format":"standard","meta":{"footnotes":""},"categories":[25],"tags":[],"class_list":["post-4998","post","type-post","status-publish","format-standard","has-post-thumbnail","hentry","category-futbol"],"_links":{"self":[{"href":"https:\/\/haberbesiktas.tr\/index.php?rest_route=\/wp\/v2\/posts\/4998","targetHints":{"allow":["GET"]}}],"collection":[{"href":"https:\/\/haberbesiktas.tr\/index.php?rest_route=\/wp\/v2\/posts"}],"about":[{"href":"https:\/\/haberbesiktas.tr\/index.php?rest_route=\/wp\/v2\/types\/post"}],"author":[{"embeddable":true,"href":"https:\/\/haberbesiktas.tr\/index.php?rest_route=\/wp\/v2\/users\/1"}],"replies":[{"embeddable":true,"href":"https:\/\/haberbesiktas.tr\/index.php?rest_route=%2Fwp%2Fv2%2Fcomments&post=4998"}],"version-history":[{"count":1,"href":"https:\/\/haberbesiktas.tr\/index.php?rest_route=\/wp\/v2\/posts\/4998\/revisions"}],"predecessor-version":[{"id":5000,"href":"https:\/\/haberbesiktas.tr\/index.php?rest_route=\/wp\/v2\/posts\/4998\/revisions\/5000"}],"wp:featuredmedia":[{"embeddable":true,"href":"https:\/\/haberbesiktas.tr\/index.php?rest_route=\/wp\/v2\/media\/4999"}],"wp:attachment":[{"href":"https:\/\/haberbesiktas.tr\/index.php?rest_route=%2Fwp%2Fv2%2Fmedia&parent=4998"}],"wp:term":[{"taxonomy":"category","embeddable":true,"href":"https:\/\/haberbesiktas.tr\/index.php?rest_route=%2Fwp%2Fv2%2Fcategories&post=4998"},{"taxonomy":"post_tag","embeddable":true,"href":"https:\/\/haberbesiktas.tr\/index.php?rest_route=%2Fwp%2Fv2%2Ftags&post=4998"}],"curies":[{"name":"wp","href":"https:\/\/api.w.org\/{rel}","templated":true}]}}