{"id":49983,"date":"2026-01-16T15:48:06","date_gmt":"2026-01-16T15:48:06","guid":{"rendered":"https:\/\/haberbesiktas.tr\/?p=49983"},"modified":"2026-01-16T15:48:06","modified_gmt":"2026-01-16T15:48:06","slug":"rams-basaksehir-fatih-karagumruku-konuk-ediyor","status":"publish","type":"post","link":"https:\/\/haberbesiktas.tr\/?p=49983","title":{"rendered":"RAMS Ba\u015fak\u015fehir, Fatih Karag\u00fcmr\u00fck&#8217;\u00fc konuk ediyor"},"content":{"rendered":"<div>\n<div>Trendyol Muhte\u015fem Lig&#8217;in 18. haftas\u0131nda yar\u0131n (17 Ocak Cumartesi) RAMS Ba\u015fak\u015fehir ile M\u0131s\u0131rl\u0131.com.tr Fatih Karag\u00fcmr\u00fck kar\u015f\u0131 kar\u015f\u0131ya gelecek.<\/div>\n<div>\u00a0<\/div>\n<div>Ba\u015fak\u015fehir Fatih Terim Stad\u0131&#8217;nda yap\u0131lacak ma\u00e7, saat 17.00&#8217;de ba\u015flayacak. Kar\u015f\u0131la\u015fmay\u0131 hakem Yasin Kol y\u00f6netecek.<\/div>\n<div>\u00a0<\/div>\n<div>S\u00fcper Lig&#8217;de 17 haftal\u0131k birinci yar\u0131y\u0131 6 galibiyet, 5 beraberlik ve 6 ma\u011flubiyetle tamamlayan turuncu-lacivertliler, toplad\u0131\u011f\u0131 23 puanla 7. s\u0131rada yer ald\u0131.<\/div>\n<div>\u00a0<\/div>\n<div>Fatih Karag\u00fcmr\u00fck ise ligin birinci yar\u0131s\u0131nda 2 galibiyet, 3 beraberlik ve 12 hezimetle 9 puan elde etti. K\u0131rm\u0131z\u0131-siyahl\u0131 grup, birinci yar\u0131y\u0131 son s\u0131rada tamamlad\u0131.<\/div>\n<div>\u00a0<\/div>\n<div>\u0130ki grup ortas\u0131nda ligin birinci yar\u0131s\u0131nda yap\u0131lan ma\u00e7\u0131 RAMS Ba\u015fak\u015fehir 2-0 kazanm\u0131\u015ft\u0131.<\/div>\n<\/p><\/div>\n","protected":false},"excerpt":{"rendered":"<p>Trendyol \u00dcst\u00fcn Lig&#8217;in 18. haftas\u0131nda RAMS Ba\u015fak\u015fehir, Fatih Karag\u00fcmr\u00fck ile kar\u015f\u0131 kar\u015f\u0131ya gelecek.<\/p>\n","protected":false},"author":1,"featured_media":49984,"comment_status":"open","ping_status":"open","sticky":false,"template":"","format":"standard","meta":{"footnotes":""},"categories":[25],"tags":[],"class_list":["post-49983","post","type-post","status-publish","format-standard","has-post-thumbnail","hentry","category-futbol"],"_links":{"self":[{"href":"https:\/\/haberbesiktas.tr\/index.php?rest_route=\/wp\/v2\/posts\/49983","targetHints":{"allow":["GET"]}}],"collection":[{"href":"https:\/\/haberbesiktas.tr\/index.php?rest_route=\/wp\/v2\/posts"}],"about":[{"href":"https:\/\/haberbesiktas.tr\/index.php?rest_route=\/wp\/v2\/types\/post"}],"author":[{"embeddable":true,"href":"https:\/\/haberbesiktas.tr\/index.php?rest_route=\/wp\/v2\/users\/1"}],"replies":[{"embeddable":true,"href":"https:\/\/haberbesiktas.tr\/index.php?rest_route=%2Fwp%2Fv2%2Fcomments&post=49983"}],"version-history":[{"count":1,"href":"https:\/\/haberbesiktas.tr\/index.php?rest_route=\/wp\/v2\/posts\/49983\/revisions"}],"predecessor-version":[{"id":49985,"href":"https:\/\/haberbesiktas.tr\/index.php?rest_route=\/wp\/v2\/posts\/49983\/revisions\/49985"}],"wp:featuredmedia":[{"embeddable":true,"href":"https:\/\/haberbesiktas.tr\/index.php?rest_route=\/wp\/v2\/media\/49984"}],"wp:attachment":[{"href":"https:\/\/haberbesiktas.tr\/index.php?rest_route=%2Fwp%2Fv2%2Fmedia&parent=49983"}],"wp:term":[{"taxonomy":"category","embeddable":true,"href":"https:\/\/haberbesiktas.tr\/index.php?rest_route=%2Fwp%2Fv2%2Fcategories&post=49983"},{"taxonomy":"post_tag","embeddable":true,"href":"https:\/\/haberbesiktas.tr\/index.php?rest_route=%2Fwp%2Fv2%2Ftags&post=49983"}],"curies":[{"name":"wp","href":"https:\/\/api.w.org\/{rel}","templated":true}]}}