{"id":49986,"date":"2026-01-16T16:00:06","date_gmt":"2026-01-16T16:00:06","guid":{"rendered":"https:\/\/haberbesiktas.tr\/?p=49986"},"modified":"2026-01-16T16:00:06","modified_gmt":"2026-01-16T16:00:06","slug":"gabriel-kayserispordan-kacti","status":"publish","type":"post","link":"https:\/\/haberbesiktas.tr\/?p=49986","title":{"rendered":"Gabriel, Kayserispor&#8217;dan ka\u00e7t\u0131"},"content":{"rendered":"<div>Kayserispor&#8217;da g\u00fcn i\u00e7inde fla\u015f bir geli\u015fme ya\u015fand\u0131.<\/p>\n<p> K\u0131sa bir m\u00fcddet evvel Kayseri&#8217;ye getirilen Ronael Pierre -Gabriel, s\u00fcrpriz bir bi\u00e7imde Kayseri&#8217;den ayr\u0131ld\u0131.<\/p>\n<p> Birinci olarak ayr\u0131l\u0131\u011f\u0131 Dinamo Xtra X hesab\u0131 duyurdu. Payla\u015f\u0131mda, &#8220;Kayserispor&#8217;a RPG transferi iptal edildi. Kayserispor daha evvel kararla\u015ft\u0131r\u0131lan kontrat kurallar\u0131n\u0131 de\u011fi\u015ftirmeye \u00e7al\u0131\u015ft\u0131 ve Pierre-Gabriel kul\u00fcb\u00fcn yeni oyuncu kaydetme yasa\u011f\u0131 oldu\u011funu \u00f6\u011frendi&#8221; s\u00f6zleri kullan\u0131ld\u0131.<\/p>\n<p> Ge\u00e7ti\u011fimiz d\u00f6nem ba\u015f\u0131nda da Aylton Boa Morte, benzeri bir halde habersiz kul\u00fcpten ayr\u0131lm\u0131\u015ft\u0131.<\/p>\n<p> HABER: Faruk Aydemir<\/p>\n<\/div>\n","protected":false},"excerpt":{"rendered":"<p>Kayserispor&#8217;un transfer i\u00e7in getirdi\u011fi Ronael Pierre-Gabriel kentten ka\u00e7t\u0131.<\/p>\n","protected":false},"author":1,"featured_media":49987,"comment_status":"open","ping_status":"open","sticky":false,"template":"","format":"standard","meta":{"footnotes":""},"categories":[25],"tags":[],"class_list":["post-49986","post","type-post","status-publish","format-standard","has-post-thumbnail","hentry","category-futbol"],"_links":{"self":[{"href":"https:\/\/haberbesiktas.tr\/index.php?rest_route=\/wp\/v2\/posts\/49986","targetHints":{"allow":["GET"]}}],"collection":[{"href":"https:\/\/haberbesiktas.tr\/index.php?rest_route=\/wp\/v2\/posts"}],"about":[{"href":"https:\/\/haberbesiktas.tr\/index.php?rest_route=\/wp\/v2\/types\/post"}],"author":[{"embeddable":true,"href":"https:\/\/haberbesiktas.tr\/index.php?rest_route=\/wp\/v2\/users\/1"}],"replies":[{"embeddable":true,"href":"https:\/\/haberbesiktas.tr\/index.php?rest_route=%2Fwp%2Fv2%2Fcomments&post=49986"}],"version-history":[{"count":1,"href":"https:\/\/haberbesiktas.tr\/index.php?rest_route=\/wp\/v2\/posts\/49986\/revisions"}],"predecessor-version":[{"id":49988,"href":"https:\/\/haberbesiktas.tr\/index.php?rest_route=\/wp\/v2\/posts\/49986\/revisions\/49988"}],"wp:featuredmedia":[{"embeddable":true,"href":"https:\/\/haberbesiktas.tr\/index.php?rest_route=\/wp\/v2\/media\/49987"}],"wp:attachment":[{"href":"https:\/\/haberbesiktas.tr\/index.php?rest_route=%2Fwp%2Fv2%2Fmedia&parent=49986"}],"wp:term":[{"taxonomy":"category","embeddable":true,"href":"https:\/\/haberbesiktas.tr\/index.php?rest_route=%2Fwp%2Fv2%2Fcategories&post=49986"},{"taxonomy":"post_tag","embeddable":true,"href":"https:\/\/haberbesiktas.tr\/index.php?rest_route=%2Fwp%2Fv2%2Ftags&post=49986"}],"curies":[{"name":"wp","href":"https:\/\/api.w.org\/{rel}","templated":true}]}}