{"id":49989,"date":"2026-01-16T16:12:08","date_gmt":"2026-01-16T16:12:08","guid":{"rendered":"https:\/\/haberbesiktas.tr\/?p=49989"},"modified":"2026-01-16T16:12:08","modified_gmt":"2026-01-16T16:12:08","slug":"cenk-tosun-ve-rodrigo-becao-adim-adim-kasimpasaya","status":"publish","type":"post","link":"https:\/\/haberbesiktas.tr\/?p=49989","title":{"rendered":"Cenk Tosun ve Rodrigo Becao ad\u0131m ad\u0131m Kas\u0131mpa\u015fa&#8217;ya"},"content":{"rendered":"<div>Trendyol S\u00fcper Lig tak\u0131mlar\u0131ndan Kas\u0131mpa\u015fa, orta transfer periyodunda desteklerine devam ediyor.<\/p>\n<p> Lacivert-beyazl\u0131lar, Fenerbah\u00e7eli futbolcu Rodrigo Becao ve sar\u0131-lacivertlilerle mukavelesini fesheden Cenk Tosun&#8217;un transferinde keyifli sona ula\u015ft\u0131.<\/p>\n<p> Kas\u0131mpa\u015fa, Rodrigo Becao&#8217;nun kiral\u0131k transferi konusunda Fenerbah\u00e7e ile anla\u015ft\u0131. Lacivert-Beyazl\u0131lar, Sar\u0131-Lacivertliler&#8217;den ayr\u0131lan Cenk Tosun&#8217;u da tak\u0131m\u0131na katt\u0131.<\/p>\n<p><strong>RESM\u0130 A\u00c7IKLAMA BEKLEN\u0130YOR<\/strong> <\/p>\n<p> Resmi a\u00e7\u0131klaman\u0131n ilerleyen saatlerde yap\u0131lmas\u0131 bekleniyor.<\/p>\n<p> <strong>CENK VE BECAO&#8217;NUN RAKAMLARI<\/strong><\/p>\n<p> Fenerbah\u00e7e formas\u0131yla bu d\u00f6nem 7 ma\u00e7a \u00e7\u0131kan Cenk Tosun 1 gol kaydetti. Becao ise yaln\u0131zca 1 ma\u00e7ta m\u00fchlet al\u0131rken 6 dakika alanda kald\u0131. Cenk Tosun 12 Mart 2025&#8217;te, Rodrigo Becao ise 8 Aral\u0131k 2025&#8217;te tak\u0131m d\u0131\u015f\u0131 b\u0131rak\u0131lm\u0131\u015ft\u0131.<\/p>\n<p> <strong>\u0130RFAN CAN KAHVEC\u0130&#8217;Y\u0130 DE ALMI\u015eLARLI<\/strong><\/p>\n<p> Kas\u0131mpa\u015fa, devre ortas\u0131nda tak\u0131m\u0131na yapt\u0131\u011f\u0131 desteklerle dikkat \u00e7ekiyor.<\/p>\n<p> Lacivert-beyazl\u0131lar, \u0130rfan Can Kahveci, Kerem Demirbay ve Kamil Ahmet \u00c7\u00f6rek\u00e7i&#8217;yi de tak\u0131m\u0131na katm\u0131\u015ft\u0131.<\/p>\n<p> \u00a0<\/p>\n<\/div>\n","protected":false},"excerpt":{"rendered":"<p>Fenerbah\u00e7eli futbolcu Rodrigo Becao ve sar\u0131-lacivertlilerden ayr\u0131lan Cenk Tosun&#8217;un yeni adresi muhakkak oluyor. S\u00fcper Lig gruplar\u0131ndan Kas\u0131mpa\u015fa, iki isimle de muahede sa\u011flad\u0131. Resmi a\u00e7\u0131klaman\u0131n ilerleyen saatlerde yap\u0131lmas\u0131 bekleniyor.<\/p>\n","protected":false},"author":1,"featured_media":49990,"comment_status":"open","ping_status":"open","sticky":false,"template":"","format":"standard","meta":{"footnotes":""},"categories":[25],"tags":[3704,3775],"class_list":["post-49989","post","type-post","status-publish","format-standard","has-post-thumbnail","hentry","category-futbol","tag-becao","tag-cenk"],"_links":{"self":[{"href":"https:\/\/haberbesiktas.tr\/index.php?rest_route=\/wp\/v2\/posts\/49989","targetHints":{"allow":["GET"]}}],"collection":[{"href":"https:\/\/haberbesiktas.tr\/index.php?rest_route=\/wp\/v2\/posts"}],"about":[{"href":"https:\/\/haberbesiktas.tr\/index.php?rest_route=\/wp\/v2\/types\/post"}],"author":[{"embeddable":true,"href":"https:\/\/haberbesiktas.tr\/index.php?rest_route=\/wp\/v2\/users\/1"}],"replies":[{"embeddable":true,"href":"https:\/\/haberbesiktas.tr\/index.php?rest_route=%2Fwp%2Fv2%2Fcomments&post=49989"}],"version-history":[{"count":1,"href":"https:\/\/haberbesiktas.tr\/index.php?rest_route=\/wp\/v2\/posts\/49989\/revisions"}],"predecessor-version":[{"id":49991,"href":"https:\/\/haberbesiktas.tr\/index.php?rest_route=\/wp\/v2\/posts\/49989\/revisions\/49991"}],"wp:featuredmedia":[{"embeddable":true,"href":"https:\/\/haberbesiktas.tr\/index.php?rest_route=\/wp\/v2\/media\/49990"}],"wp:attachment":[{"href":"https:\/\/haberbesiktas.tr\/index.php?rest_route=%2Fwp%2Fv2%2Fmedia&parent=49989"}],"wp:term":[{"taxonomy":"category","embeddable":true,"href":"https:\/\/haberbesiktas.tr\/index.php?rest_route=%2Fwp%2Fv2%2Fcategories&post=49989"},{"taxonomy":"post_tag","embeddable":true,"href":"https:\/\/haberbesiktas.tr\/index.php?rest_route=%2Fwp%2Fv2%2Ftags&post=49989"}],"curies":[{"name":"wp","href":"https:\/\/api.w.org\/{rel}","templated":true}]}}