{"id":5001,"date":"2025-01-20T15:59:58","date_gmt":"2025-01-20T15:59:58","guid":{"rendered":"https:\/\/haberbesiktas.tr\/?p=5001"},"modified":"2025-01-20T15:59:58","modified_gmt":"2025-01-20T15:59:58","slug":"recep-ucardan-mac-sonunda-hakem-kararlarina-tepki","status":"publish","type":"post","link":"https:\/\/haberbesiktas.tr\/?p=5001","title":{"rendered":"Recep U\u00e7ar&#8217;dan ma\u00e7 sonunda hakem kararlar\u0131na tepki"},"content":{"rendered":"<div>Konyaspor Teknik Y\u00f6neticisi Recep U\u00e7ar, 3-2 kaybedilen Fenerbah\u00e7e ma\u00e7\u0131 sonras\u0131 a\u00e7\u0131klamalarda bulundu.<\/p>\n<p><strong>&#8220;HATA SONRASI YEN\u0130LD\u0130K&#8221;<\/strong><\/p>\n<p>\u015eanss\u0131z bir yenilgi oldu\u011funu s\u00f6yleyen U\u00e7ar, <strong>&#8220;<\/strong><span><strong>\u0130yi oynad\u0131\u011f\u0131m\u0131z, 1 puan ve fazlas\u0131n\u0131 hak etti\u011fimiz bir ma\u00e7 oldu. Ana stratejimiz \u00f6n alan bask\u0131s\u0131yla onlar\u0131 kalemize getirmemekti. Golle ba\u015flad\u0131k, sonra Kramer&#8217;in ka\u00e7\u0131rd\u0131\u011f\u0131 bir gol var. Duran toplardan \u00e7ekiniyorduk zira &#8216;size&#8217; olarak bizden \u00fcst\u00fcn bir ekip Fenerbah\u00e7e. \u0130kinci yar\u0131 oyun mentalimiz de\u011fi\u015fmedi, bir korner d\u0131\u015f\u0131nda konumda vermedik. Bu t\u00fcrl\u00fc ma\u00e7lar\u0131 kazanmak i\u00e7in oyuncular\u0131ma &#8216;Performans olarak limitlerimizi zorlayaca\u011f\u0131z ve kusurlar\u0131 azaltaca\u011f\u0131z&#8217; dedim. Maalesef Slowik&#8217;in 3. golde bir kusuru oldu fakat onun y\u00fcz\u00fcnden kaybetmedik ola\u011fan ki. Fenerbah\u00e7e ve Mourinho Hoca&#8217;y\u0131 tebrik ediyorum.&#8221;<\/strong> tabirlerini kulland\u0131.<\/p>\n<p><strong>&#8220;NE KADAR GR\u0130 KONUM VARSA ALEYH\u0130ME \u00c7ALINDI&#8221;<\/p>\n<p><\/strong>Hakem kararlar\u0131na reaksiyon g\u00f6steren U\u00e7ar, <strong>&#8220;<\/strong><span><strong>Ma\u00e7tan sonra hakeme s\u00f6ylediklerimi size de iletmek istiyorum. Hi\u00e7bir vakit hakaret etmedim, kimi meslekta\u015flar\u0131m \u00fczere onlara k\u00fcf\u00fcr etmedim. 4 y\u0131ld\u0131r teknik y\u00f6neticilik yap\u0131yorum, bu t\u00fcrl\u00fc davran\u0131\u015flar\u0131m\u0131n kar\u015f\u0131l\u0131\u011f\u0131nda gri konumlar daima aleyhime \u00e7al\u0131nd\u0131. \u00dclke futbolu o denli bir hale geldi ki&#8230; \u0130ki b\u00fcy\u00fck kul\u00fcb\u00fcm\u00fcz bir birisi giriyor sonra ba\u015fkas\u0131 g\u00f6r\u00fcyor. O kadar \u00e7ok gri konum var ki hi\u00e7biri bize \u00e7al\u0131nm\u0131yor. Diren\u00e7 Hoca&#8217;n\u0131n y\u00fcz\u00fcne de s\u00f6yledi\u011fim i\u00e7in burada s\u00f6yl\u00fcyorum bunu. Oyuncular\u0131m\u0131 tebrik ediyorum. Taraftarlar\u0131 sevindiremedi\u011fim i\u00e7in \u00fczg\u00fcn\u00fcm. Herkes ba\u015f\u0131n\u0131 dik tutsun. Bu grup kayg\u0131l\u0131 r\u00fcyay\u0131 ya\u015famayacak. Kimse s\u00f6ylediklerimi \u015fahsi alg\u0131lamas\u0131n, Fenerbah\u00e7e ve Mourinho Hoca&#8217;y\u0131 tekrar tebrik ediyorum.&#8221;<\/strong> kelamlar\u0131n\u0131 sarf etti.<\/span><\/span><\/div>\n","protected":false},"excerpt":{"rendered":"<p>Konyaspor Teknik Y\u00f6neticisi Recep U\u00e7ar, 3-2 kaybedilen Fenerbah\u00e7e ma\u00e7\u0131 sonras\u0131 a\u00e7\u0131klamalarda bulundu.<\/p>\n","protected":false},"author":1,"featured_media":5002,"comment_status":"open","ping_status":"open","sticky":false,"template":"","format":"standard","meta":{"footnotes":""},"categories":[25],"tags":[],"class_list":["post-5001","post","type-post","status-publish","format-standard","has-post-thumbnail","hentry","category-futbol"],"_links":{"self":[{"href":"https:\/\/haberbesiktas.tr\/index.php?rest_route=\/wp\/v2\/posts\/5001","targetHints":{"allow":["GET"]}}],"collection":[{"href":"https:\/\/haberbesiktas.tr\/index.php?rest_route=\/wp\/v2\/posts"}],"about":[{"href":"https:\/\/haberbesiktas.tr\/index.php?rest_route=\/wp\/v2\/types\/post"}],"author":[{"embeddable":true,"href":"https:\/\/haberbesiktas.tr\/index.php?rest_route=\/wp\/v2\/users\/1"}],"replies":[{"embeddable":true,"href":"https:\/\/haberbesiktas.tr\/index.php?rest_route=%2Fwp%2Fv2%2Fcomments&post=5001"}],"version-history":[{"count":1,"href":"https:\/\/haberbesiktas.tr\/index.php?rest_route=\/wp\/v2\/posts\/5001\/revisions"}],"predecessor-version":[{"id":5003,"href":"https:\/\/haberbesiktas.tr\/index.php?rest_route=\/wp\/v2\/posts\/5001\/revisions\/5003"}],"wp:featuredmedia":[{"embeddable":true,"href":"https:\/\/haberbesiktas.tr\/index.php?rest_route=\/wp\/v2\/media\/5002"}],"wp:attachment":[{"href":"https:\/\/haberbesiktas.tr\/index.php?rest_route=%2Fwp%2Fv2%2Fmedia&parent=5001"}],"wp:term":[{"taxonomy":"category","embeddable":true,"href":"https:\/\/haberbesiktas.tr\/index.php?rest_route=%2Fwp%2Fv2%2Fcategories&post=5001"},{"taxonomy":"post_tag","embeddable":true,"href":"https:\/\/haberbesiktas.tr\/index.php?rest_route=%2Fwp%2Fv2%2Ftags&post=5001"}],"curies":[{"name":"wp","href":"https:\/\/api.w.org\/{rel}","templated":true}]}}