{"id":50022,"date":"2026-01-16T18:24:06","date_gmt":"2026-01-16T18:24:06","guid":{"rendered":"https:\/\/haberbesiktas.tr\/?p=50022"},"modified":"2026-01-16T18:24:06","modified_gmt":"2026-01-16T18:24:06","slug":"kasimpasa-cenk-tosunu-acikladi","status":"publish","type":"post","link":"https:\/\/haberbesiktas.tr\/?p=50022","title":{"rendered":"Kas\u0131mpa\u015fa, Cenk Tosun&#8217;u a\u00e7\u0131klad\u0131"},"content":{"rendered":"<div>Kas\u0131mpa\u015fa, Fenerbah\u00e7e&#8217;den ayr\u0131lan Cenk Tosun&#8217;u tak\u0131m\u0131na katt\u0131\u011f\u0131n\u0131 duyurdu.<\/p>\n<p> \u0130\u015fte Lacivert-Beyazl\u0131lar&#8217;\u0131n Cenk Tosun i\u00e7in haz\u0131rlad\u0131\u011f\u0131 transfer g\u00f6r\u00fcnt\u00fcs\u00fc.<\/p>\n<blockquote class=\"twitter-tweet\" data-width=\"500\" data-dnt=\"true\">\n<p lang=\"tr\" dir=\"ltr\">\ud83d\udce2Kas\u0131mpa\u015fa, Cenk Tosun&#39;u kadrosuna katt\u0131\u011f\u0131n\u0131 a\u00e7\u0131klad\u0131. <a href=\"https:\/\/t.co\/Xpd3uWOUXK\" rel=\"nofollow\">pic.twitter.com\/Xpd3uWOUXK<\/a><\/p>\n<p>&mdash; Sporx (@sporx) <a href=\"https:\/\/twitter.com\/sporx\/status\/2012146305821470760?ref_src=twsrc%5Etfw\" rel=\"nofollow noopener\" target=\"_blank\">January 16, 2026<\/a><\/p><\/blockquote>\n<p><script async src=\"https:\/\/platform.twitter.com\/widgets.js\" charset=\"utf-8\"><\/script><\/p>\n<p> Bu d\u00f6nem Fenerbah\u00e7e formas\u0131n\u0131 7 kar\u015f\u0131la\u015fmada giyen Cenk Tosun, grubuna kaydetti\u011fi 1 asist ile katk\u0131 sa\u011flam\u0131\u015ft\u0131.<\/p>\n<p> Deneyimli forvet, 2024 yaz\u0131nda imza att\u0131\u011f\u0131 sar\u0131-lacivertli gruptaki birinci d\u00f6neminde ise 22 kar\u015f\u0131la\u015fmada m\u00fchlet alm\u0131\u015f 2 gol ve 1 asiste imza atm\u0131\u015ft\u0131.<\/p>\n<p> Fenerbah\u00e7e, 12 Ekim 2025&#8217;te yapt\u0131\u011f\u0131 a\u00e7\u0131klamada Cenk Tosun&#8217;un al\u0131nan karar gere\u011fi tak\u0131m d\u0131\u015f\u0131 b\u0131rak\u0131ld\u0131\u011f\u0131n\u0131 a\u00e7\u0131klam\u0131\u015ft\u0131.<\/p>\n<p> Profesyonel mesle\u011fine Alman grubu Eintracht Frankfurt&#8217;ta ba\u015flayan Cenk Tosun; Gaziantepspor, Be\u015fikta\u015f, Everton ve Crystal Palace formalar\u0131 da giymi\u015fti.<\/p>\n<\/div>\n","protected":false},"excerpt":{"rendered":"<p>Kas\u0131mpa\u015fa, Fenerbah\u00e7e&#8217;den ayr\u0131lan Cenk Tosun&#8217;u tak\u0131m\u0131na katt\u0131\u011f\u0131n\u0131 a\u00e7\u0131klad\u0131.<\/p>\n","protected":false},"author":1,"featured_media":50024,"comment_status":"open","ping_status":"open","sticky":false,"template":"","format":"standard","meta":{"footnotes":""},"categories":[25],"tags":[938],"class_list":["post-50022","post","type-post","status-publish","format-standard","has-post-thumbnail","hentry","category-futbol","tag-cenk-tosun"],"_links":{"self":[{"href":"https:\/\/haberbesiktas.tr\/index.php?rest_route=\/wp\/v2\/posts\/50022","targetHints":{"allow":["GET"]}}],"collection":[{"href":"https:\/\/haberbesiktas.tr\/index.php?rest_route=\/wp\/v2\/posts"}],"about":[{"href":"https:\/\/haberbesiktas.tr\/index.php?rest_route=\/wp\/v2\/types\/post"}],"author":[{"embeddable":true,"href":"https:\/\/haberbesiktas.tr\/index.php?rest_route=\/wp\/v2\/users\/1"}],"replies":[{"embeddable":true,"href":"https:\/\/haberbesiktas.tr\/index.php?rest_route=%2Fwp%2Fv2%2Fcomments&post=50022"}],"version-history":[{"count":1,"href":"https:\/\/haberbesiktas.tr\/index.php?rest_route=\/wp\/v2\/posts\/50022\/revisions"}],"predecessor-version":[{"id":50025,"href":"https:\/\/haberbesiktas.tr\/index.php?rest_route=\/wp\/v2\/posts\/50022\/revisions\/50025"}],"wp:featuredmedia":[{"embeddable":true,"href":"https:\/\/haberbesiktas.tr\/index.php?rest_route=\/wp\/v2\/media\/50024"}],"wp:attachment":[{"href":"https:\/\/haberbesiktas.tr\/index.php?rest_route=%2Fwp%2Fv2%2Fmedia&parent=50022"}],"wp:term":[{"taxonomy":"category","embeddable":true,"href":"https:\/\/haberbesiktas.tr\/index.php?rest_route=%2Fwp%2Fv2%2Fcategories&post=50022"},{"taxonomy":"post_tag","embeddable":true,"href":"https:\/\/haberbesiktas.tr\/index.php?rest_route=%2Fwp%2Fv2%2Ftags&post=50022"}],"curies":[{"name":"wp","href":"https:\/\/api.w.org\/{rel}","templated":true}]}}