{"id":50026,"date":"2026-01-16T18:36:06","date_gmt":"2026-01-16T18:36:06","guid":{"rendered":"https:\/\/haberbesiktas.tr\/?p=50026"},"modified":"2026-01-16T18:36:06","modified_gmt":"2026-01-16T18:36:06","slug":"serdal-adalidan-jorgensen-aciklamasi","status":"publish","type":"post","link":"https:\/\/haberbesiktas.tr\/?p=50026","title":{"rendered":"Serdal Adal\u0131&#8217;dan J\u00f6rgensen a\u00e7\u0131klamas\u0131"},"content":{"rendered":"<div>Be\u015fikta\u015f bir m\u00fcddettir Chelsea formas\u0131 giyen, Filip J\u00f6rgensen&#8217;in transferi i\u00e7in g\u00f6r\u00fc\u015fmelerde bulunuyordu. Kara Kartal i\u00e7in bu transferde yeni geli\u015fmeler ya\u015fan\u0131yor.<\/p>\n<p> Siyah-Beyazl\u0131lar&#8217;\u0131n ba\u015fkan\u0131 Serdal Adal\u0131, J\u00f6rgensen transferine dair a\u00e7\u0131klamalarda bulundu.<\/p>\n<p> <strong>SERDAL ADALI NE DED\u0130?<\/strong><\/p>\n<p>Adal\u0131, J\u00f6rgensen transferine dair yapt\u0131\u011f\u0131 a\u00e7\u0131klamada\u00a0<span><strong>&#8220;J\u00f6rgensen gelmek istiyor, oradaki dert kul\u00fcb\u00fcn\u00fcn kiralama limitinin dolu olmas\u0131, birinci evvel o limiti a\u00e7malar\u0131 laz\u0131m, bunu bekliyoruz. Bu birazc\u0131k vakit alacak. Tahminen de en son gelebilecek transferlerden biri.&#8221;<\/strong> tabirlerini kulland\u0131.<\/span> <\/p>\n<p> <strong>BU D\u00d6NEM J\u00d6RGENSEN<\/strong><\/p>\n<p> Danimarkal\u0131 eldiven bu d\u00f6nem Chelsea formas\u0131yla 7 ma\u00e7ta misyon al\u0131rken, 10 sefer kalesini gole kapatamad\u0131.<\/p>\n<p> \u00a0<\/p>\n<\/div>\n","protected":false},"excerpt":{"rendered":"<p>Be\u015fikta\u015f Ba\u015fkan\u0131 Serdal Adal\u0131, transferde ismi ge\u00e7en kaleci Filip J\u00f6rgensen ile ilgili a\u00e7\u0131klamalarda bulundu.<\/p>\n","protected":false},"author":1,"featured_media":50027,"comment_status":"open","ping_status":"open","sticky":false,"template":"","format":"standard","meta":{"footnotes":""},"categories":[25],"tags":[3671],"class_list":["post-50026","post","type-post","status-publish","format-standard","has-post-thumbnail","hentry","category-futbol","tag-jorgensen"],"_links":{"self":[{"href":"https:\/\/haberbesiktas.tr\/index.php?rest_route=\/wp\/v2\/posts\/50026","targetHints":{"allow":["GET"]}}],"collection":[{"href":"https:\/\/haberbesiktas.tr\/index.php?rest_route=\/wp\/v2\/posts"}],"about":[{"href":"https:\/\/haberbesiktas.tr\/index.php?rest_route=\/wp\/v2\/types\/post"}],"author":[{"embeddable":true,"href":"https:\/\/haberbesiktas.tr\/index.php?rest_route=\/wp\/v2\/users\/1"}],"replies":[{"embeddable":true,"href":"https:\/\/haberbesiktas.tr\/index.php?rest_route=%2Fwp%2Fv2%2Fcomments&post=50026"}],"version-history":[{"count":1,"href":"https:\/\/haberbesiktas.tr\/index.php?rest_route=\/wp\/v2\/posts\/50026\/revisions"}],"predecessor-version":[{"id":50028,"href":"https:\/\/haberbesiktas.tr\/index.php?rest_route=\/wp\/v2\/posts\/50026\/revisions\/50028"}],"wp:featuredmedia":[{"embeddable":true,"href":"https:\/\/haberbesiktas.tr\/index.php?rest_route=\/wp\/v2\/media\/50027"}],"wp:attachment":[{"href":"https:\/\/haberbesiktas.tr\/index.php?rest_route=%2Fwp%2Fv2%2Fmedia&parent=50026"}],"wp:term":[{"taxonomy":"category","embeddable":true,"href":"https:\/\/haberbesiktas.tr\/index.php?rest_route=%2Fwp%2Fv2%2Fcategories&post=50026"},{"taxonomy":"post_tag","embeddable":true,"href":"https:\/\/haberbesiktas.tr\/index.php?rest_route=%2Fwp%2Fv2%2Ftags&post=50026"}],"curies":[{"name":"wp","href":"https:\/\/api.w.org\/{rel}","templated":true}]}}