{"id":50032,"date":"2026-01-16T19:00:06","date_gmt":"2026-01-16T19:00:06","guid":{"rendered":"https:\/\/haberbesiktas.tr\/?p=50032"},"modified":"2026-01-16T19:00:06","modified_gmt":"2026-01-16T19:00:06","slug":"serdal-adalidan-rafa-silva-aciklamasi","status":"publish","type":"post","link":"https:\/\/haberbesiktas.tr\/?p=50032","title":{"rendered":"Serdal Adal\u0131&#8217;dan Rafa Silva a\u00e7\u0131klamas\u0131"},"content":{"rendered":"<div>Be\u015fikta\u015f&#8217;ta gelece\u011fi merak konusu olan Rafa Silva ile ilgili Lider Serdal Adal\u0131&#8217;dan a\u00e7\u0131klama geldi.<\/p>\n<p> Serdal Adal\u0131, Portekiz tak\u0131m\u0131 Benfica&#8217;n\u0131n Rafa Silva ile ilgili te\u015febb\u00fcste bulundu\u011funu duyurdu.<\/p>\n<p> <strong>&#8220;O \u00c7\u0130ZG\u0130YE \u0130N\u0130L\u0130RSE RAFA G\u0130DER&#8221;<\/strong> <\/p>\n<p> Portekiz temsilcisine taleplerini ilettiklerini belirten Adal\u0131,<strong> &#8220;Benfica, Rafa ile ilgili te\u015febb\u00fcste bulundu. Talebimizi ilettik. O \u00e7izgiye inilirse Rafa masraf. Olmazsa Rafa burada kal\u0131r. Bizim i\u00e7in de maa\u015f\u0131 k\u0131ymetli de\u011fil. Be\u015fikta\u015f&#8217;\u0131n futbolcusu olarak hayat\u0131na devam eder.&#8221;<\/strong> diye konu\u015ftu.<\/p>\n<p> <strong>SERGEN YAL\u00c7IN NE DEM\u0130\u015eT\u0130?<\/strong><\/p>\n<p> Teknik y\u00f6netici Sergen Yal\u00e7\u0131n da, Ke\u00e7i\u00f6reng\u00fcc\u00fc ma\u00e7\u0131n\u0131n akabinde yapt\u0131\u011f\u0131 a\u00e7\u0131klamada <strong>&#8220;Aram\u0131zdan ayr\u0131lacak birka\u00e7 oyuncu daha var. Rafa Silva&#8217;n\u0131n durumu var, o da ayr\u0131labilir.&#8221;<\/strong> demi\u015fti.<\/p>\n<p> <strong>BU D\u00d6NEM RAFA<br \/><\/strong><br \/>Be\u015fikta\u015f formas\u0131 alt\u0131nda bu d\u00f6nem 16 ma\u00e7ta m\u00fchlet bulan 32 ya\u015f\u0131ndaki Rafa Silva, 5 gol att\u0131 ve 3 asist yapt\u0131.<\/p>\n<\/div>\n","protected":false},"excerpt":{"rendered":"<p>Be\u015fikta\u015f Ba\u015fkan\u0131 Serdal Adal\u0131, Portekiz grubu Benfica&#8217;n\u0131n Rafa Silva ile ilgili te\u015febb\u00fcste bulundu\u011funu a\u00e7\u0131klad\u0131.<\/p>\n","protected":false},"author":1,"featured_media":50033,"comment_status":"open","ping_status":"open","sticky":false,"template":"","format":"standard","meta":{"footnotes":""},"categories":[25],"tags":[935],"class_list":["post-50032","post","type-post","status-publish","format-standard","has-post-thumbnail","hentry","category-futbol","tag-rafa"],"_links":{"self":[{"href":"https:\/\/haberbesiktas.tr\/index.php?rest_route=\/wp\/v2\/posts\/50032","targetHints":{"allow":["GET"]}}],"collection":[{"href":"https:\/\/haberbesiktas.tr\/index.php?rest_route=\/wp\/v2\/posts"}],"about":[{"href":"https:\/\/haberbesiktas.tr\/index.php?rest_route=\/wp\/v2\/types\/post"}],"author":[{"embeddable":true,"href":"https:\/\/haberbesiktas.tr\/index.php?rest_route=\/wp\/v2\/users\/1"}],"replies":[{"embeddable":true,"href":"https:\/\/haberbesiktas.tr\/index.php?rest_route=%2Fwp%2Fv2%2Fcomments&post=50032"}],"version-history":[{"count":1,"href":"https:\/\/haberbesiktas.tr\/index.php?rest_route=\/wp\/v2\/posts\/50032\/revisions"}],"predecessor-version":[{"id":50034,"href":"https:\/\/haberbesiktas.tr\/index.php?rest_route=\/wp\/v2\/posts\/50032\/revisions\/50034"}],"wp:featuredmedia":[{"embeddable":true,"href":"https:\/\/haberbesiktas.tr\/index.php?rest_route=\/wp\/v2\/media\/50033"}],"wp:attachment":[{"href":"https:\/\/haberbesiktas.tr\/index.php?rest_route=%2Fwp%2Fv2%2Fmedia&parent=50032"}],"wp:term":[{"taxonomy":"category","embeddable":true,"href":"https:\/\/haberbesiktas.tr\/index.php?rest_route=%2Fwp%2Fv2%2Fcategories&post=50032"},{"taxonomy":"post_tag","embeddable":true,"href":"https:\/\/haberbesiktas.tr\/index.php?rest_route=%2Fwp%2Fv2%2Ftags&post=50032"}],"curies":[{"name":"wp","href":"https:\/\/api.w.org\/{rel}","templated":true}]}}