{"id":50047,"date":"2026-01-16T20:00:06","date_gmt":"2026-01-16T20:00:06","guid":{"rendered":"https:\/\/haberbesiktas.tr\/?p=50047"},"modified":"2026-01-16T20:00:06","modified_gmt":"2026-01-16T20:00:06","slug":"sebastian-szymanskiye-ispanyadan-surpriz-talip","status":"publish","type":"post","link":"https:\/\/haberbesiktas.tr\/?p=50047","title":{"rendered":"Sebastian Szymanski&#8217;ye \u0130spanya&#8217;dan s\u00fcrpriz talip"},"content":{"rendered":"<div>Ara transfer periyodunda Anthony Musaba ve Matteo Guendouzi&#8217;yi tak\u0131m\u0131na katarak g\u00fc\u00e7lenen Fenerbah\u00e7e&#8217;de, gruptan ayr\u0131labilecek futbolcularla ilgili s\u00fcre\u00e7 devam ediyor.<\/p>\n<p> Sar\u0131-lacivertlilerde gelece\u011fi merak konusu olan Sebastian Szymanski&#8217;ye son olarak \u0130spanya&#8217;dan Real Betis talip oldu.<\/p>\n<p> Rudy Galetti&#8217;nin aktard\u0131\u011f\u0131 bilgilere nazaran, Real Betis&#8217;in Giovanni Lo Celso ile yollar\u0131n\u0131 ay\u0131rmas\u0131 durumunda Arjantinli futbolcunun yerine Szymanski&#8217;yi transfer listesine ald\u0131\u011f\u0131 tabir edildi. <\/p>\n<p> <strong>FENERBAH\u00c7E TALEB\u0130N\u0130 NETLE\u015eT\u0130RD\u0130<\/strong><\/p>\n<p> Haberde, Fenerbah\u00e7e&#8217;nin 26 ya\u015f\u0131ndaki orta saha oyuncusu i\u00e7in 10 milyon euro bonservis bedeli istedi\u011fi belirtildi. Daha tertipli forma baht\u0131 bulmak isteyen Szymanski&#8217;nin de ayr\u0131l\u0131\u011fa olumlu yakla\u015ft\u0131\u011f\u0131 aktar\u0131ld\u0131.<\/p>\n<p> <strong>AMRABAT \u0130LE TEKRAR BULU\u015eACAK<\/strong><\/p>\n<p> \u00d6te yandan Rennes&#8217;in de Polonyal\u0131 futbolcuya ilgi g\u00f6sterdi\u011fi, Szymanski&#8217;nin Real Betis&#8217;e transfer olmas\u0131 halinde ise Sofyan Amrabat ile tekrar t\u0131pk\u0131 kadroda yer alaca\u011f\u0131 kaydedildi. Betis, Amrabat&#8217;\u0131 d\u00f6nem ba\u015f\u0131nda Fenerbah\u00e7e&#8217;den kiral\u0131k olarak renklerine ba\u011flam\u0131\u015ft\u0131.<\/p>\n<p> <strong>BU D\u00d6NEM SZYMANSKI<\/strong><\/p>\n<p> Bu d\u00f6nem Fenerbah\u00e7e formas\u0131yla 26 m\u00fcsabakaya \u00e7\u0131kan Sebastian Szymanski, 2 gol ve 2 asistlik katk\u0131 sa\u011flad\u0131. Polonyal\u0131 oyuncu, 2023 y\u0131l\u0131nda sar\u0131-lacivertli gruba transfer olmu\u015ftu.\u00a0<\/p>\n<\/div>\n","protected":false},"excerpt":{"rendered":"<p>Fenerbah\u00e7e&#8217;den ayr\u0131lmas\u0131 konu\u015fulan Sebastian Szymanski i\u00e7in \u0130spanya&#8217;dan ilgi geldi. LaLiga gruplar\u0131ndan Real Betis&#8217;in g\u00fcndemine ald\u0131\u011f\u0131 Polonyal\u0131 oyuncu i\u00e7in sar\u0131-lacivertliler talep edece\u011fi bonservis bedelini netle\u015ftirdi.<\/p>\n","protected":false},"author":1,"featured_media":50048,"comment_status":"open","ping_status":"open","sticky":false,"template":"","format":"standard","meta":{"footnotes":""},"categories":[25],"tags":[115],"class_list":["post-50047","post","type-post","status-publish","format-standard","has-post-thumbnail","hentry","category-futbol","tag-fenerbahce"],"_links":{"self":[{"href":"https:\/\/haberbesiktas.tr\/index.php?rest_route=\/wp\/v2\/posts\/50047","targetHints":{"allow":["GET"]}}],"collection":[{"href":"https:\/\/haberbesiktas.tr\/index.php?rest_route=\/wp\/v2\/posts"}],"about":[{"href":"https:\/\/haberbesiktas.tr\/index.php?rest_route=\/wp\/v2\/types\/post"}],"author":[{"embeddable":true,"href":"https:\/\/haberbesiktas.tr\/index.php?rest_route=\/wp\/v2\/users\/1"}],"replies":[{"embeddable":true,"href":"https:\/\/haberbesiktas.tr\/index.php?rest_route=%2Fwp%2Fv2%2Fcomments&post=50047"}],"version-history":[{"count":1,"href":"https:\/\/haberbesiktas.tr\/index.php?rest_route=\/wp\/v2\/posts\/50047\/revisions"}],"predecessor-version":[{"id":50049,"href":"https:\/\/haberbesiktas.tr\/index.php?rest_route=\/wp\/v2\/posts\/50047\/revisions\/50049"}],"wp:featuredmedia":[{"embeddable":true,"href":"https:\/\/haberbesiktas.tr\/index.php?rest_route=\/wp\/v2\/media\/50048"}],"wp:attachment":[{"href":"https:\/\/haberbesiktas.tr\/index.php?rest_route=%2Fwp%2Fv2%2Fmedia&parent=50047"}],"wp:term":[{"taxonomy":"category","embeddable":true,"href":"https:\/\/haberbesiktas.tr\/index.php?rest_route=%2Fwp%2Fv2%2Fcategories&post=50047"},{"taxonomy":"post_tag","embeddable":true,"href":"https:\/\/haberbesiktas.tr\/index.php?rest_route=%2Fwp%2Fv2%2Ftags&post=50047"}],"curies":[{"name":"wp","href":"https:\/\/api.w.org\/{rel}","templated":true}]}}