{"id":50050,"date":"2026-01-16T20:12:05","date_gmt":"2026-01-16T20:12:05","guid":{"rendered":"https:\/\/haberbesiktas.tr\/?p=50050"},"modified":"2026-01-16T20:12:05","modified_gmt":"2026-01-16T20:12:05","slug":"kloppun-real-madrid-icin-sartlari-belli-oldu-o-ismi-istemedi","status":"publish","type":"post","link":"https:\/\/haberbesiktas.tr\/?p=50050","title":{"rendered":"Klopp&#8217;un Real Madrid i\u00e7in \u015fartlar\u0131 belli oldu! O ismi istemedi"},"content":{"rendered":"<div>\n<p>Real Madrid&#8217;de sular durulmuyor. La Liga&#8217;da ezeli rakibi Barcelona&#8217;n\u0131n 4 puan gerisine d\u00fc\u015fen, UEFA \u015eampiyonlar Ligi&#8217;nde ise puan tablosunda 7. s\u0131rada yer alan eflatun-beyazl\u0131larda kriz derinle\u015fti.<\/p>\n<p> Teknik y\u00f6netici Xabi Alonso ile yollar\u0131n\u0131 ay\u0131ran Real Madrid, grubun ba\u015f\u0131na s\u00fcreksiz olarak Castilla Teknik Y\u00f6neticisi Alvaro Arbeloa&#8217;y\u0131 getirdi. Lakin bu at\u0131l\u0131m, ya\u015fanan kaosu dindirmeye yetmedi.<\/p>\n<p> Copa del Rey&#8217;de Albacete&#8217;ye 3-2 ma\u011flup olarak turnuvaya veda edilmesi, krizin boyutunu daha da b\u00fcy\u00fct\u00fcrken, Lider Florentino Perez yeni teknik y\u00f6netici aray\u0131\u015flar\u0131n\u0131 h\u0131zland\u0131rd\u0131. <\/p>\n<p> <strong>\u0130LK ADAY: J\u00dcRGEN KLOPP<\/strong><\/p>\n<p> Real Madrid&#8217;in teknik y\u00f6neticilik listesinde s\u00fcrpriz bir isim birinci s\u0131raya y\u00fckseldi.<span><strong><em> Sky Sports DE&#8217;nin haberine g\u00f6re<\/em><\/strong><\/span>, Borussia Dortmund ve Liverpool ile b\u00fcy\u00fck ba\u015far\u0131lara imza atan J\u00fcrgen Klopp, eflatun-beyazl\u0131lar\u0131n bir numaral\u0131 aday\u0131 pozisyonunda.<\/p>\n<p> Haberde, Florentino Perez&#8217;in Alman \u00e7al\u0131\u015ft\u0131r\u0131c\u0131y\u0131 \u00f6nemli bi\u00e7imde de\u011ferlendirdi\u011fi ve kul\u00fcp i\u00e7inde Klopp isminin a\u011f\u0131r bi\u00e7imde konu\u015fuldu\u011fu aktar\u0131ld\u0131. Fakat Real Madrid&#8217;in listesinde di\u011fer adaylar\u0131n da bulundu\u011fu vurguland\u0131.<\/p>\n<p> <strong>KLOPP&#8217;UN KURALLARI NET<\/strong><\/p>\n<p> \u00d6te yandan J\u00fcrgen Klopp cephesinin halinin net oldu\u011fu s\u00f6z edildi. Alman teknik adam\u0131n, Real Madrid&#8217;den resmi bir teklif gelmesi halinde bu teklifi \u00f6nemli halde de\u011ferlendirmeye haz\u0131r oldu\u011fu belirtildi.<\/p>\n<p> Haberde ayr\u0131yeten, Klopp&#8217;un muhtemel bir Real Madrid maceras\u0131 i\u00e7in Vinicius Junior&#8217;un kadrodan ayr\u0131lmas\u0131n\u0131 istedi\u011fi, Florentino Perez&#8217;in ise bu s\u00fcre\u00e7te Erling Haaland transferini hedefledi\u011fi \u00f6ne s\u00fcr\u00fcld\u00fc.<\/p>\n<p> \u015eu ana kadar Real Madrid ile J\u00fcrgen Klopp ortas\u0131nda resmi bir temas kurulmad\u0131\u011f\u0131 da bilhassa not d\u00fc\u015f\u00fcld\u00fc.<\/p>\n<\/div>\n","protected":false},"excerpt":{"rendered":"<p>Real Madrid&#8217;de lider Florentino Perez teknik y\u00f6netici aray\u0131\u015flar\u0131n\u0131 h\u0131zland\u0131rarak birinci aday\u0131n\u0131 J\u00fcrgen Klopp olarak belirledi. Alman \u00e7al\u0131\u015ft\u0131r\u0131c\u0131n\u0131n \u0130spanyol devine imza atmak i\u00e7in ko\u015fullar\u0131 netle\u015fti. Klopp, Vinicius&#8217;un kadrodan ayr\u0131lmas\u0131n\u0131 isterken Lider Perez ise Haaland&#8217;\u0131 g\u00f6z\u00fcne kestirdi.<\/p>\n","protected":false},"author":1,"featured_media":50051,"comment_status":"open","ping_status":"open","sticky":false,"template":"","format":"standard","meta":{"footnotes":""},"categories":[25],"tags":[3783,364,351],"class_list":["post-50050","post","type-post","status-publish","format-standard","has-post-thumbnail","hentry","category-futbol","tag-klopp","tag-real-madrid","tag-teknik"],"_links":{"self":[{"href":"https:\/\/haberbesiktas.tr\/index.php?rest_route=\/wp\/v2\/posts\/50050","targetHints":{"allow":["GET"]}}],"collection":[{"href":"https:\/\/haberbesiktas.tr\/index.php?rest_route=\/wp\/v2\/posts"}],"about":[{"href":"https:\/\/haberbesiktas.tr\/index.php?rest_route=\/wp\/v2\/types\/post"}],"author":[{"embeddable":true,"href":"https:\/\/haberbesiktas.tr\/index.php?rest_route=\/wp\/v2\/users\/1"}],"replies":[{"embeddable":true,"href":"https:\/\/haberbesiktas.tr\/index.php?rest_route=%2Fwp%2Fv2%2Fcomments&post=50050"}],"version-history":[{"count":1,"href":"https:\/\/haberbesiktas.tr\/index.php?rest_route=\/wp\/v2\/posts\/50050\/revisions"}],"predecessor-version":[{"id":50052,"href":"https:\/\/haberbesiktas.tr\/index.php?rest_route=\/wp\/v2\/posts\/50050\/revisions\/50052"}],"wp:featuredmedia":[{"embeddable":true,"href":"https:\/\/haberbesiktas.tr\/index.php?rest_route=\/wp\/v2\/media\/50051"}],"wp:attachment":[{"href":"https:\/\/haberbesiktas.tr\/index.php?rest_route=%2Fwp%2Fv2%2Fmedia&parent=50050"}],"wp:term":[{"taxonomy":"category","embeddable":true,"href":"https:\/\/haberbesiktas.tr\/index.php?rest_route=%2Fwp%2Fv2%2Fcategories&post=50050"},{"taxonomy":"post_tag","embeddable":true,"href":"https:\/\/haberbesiktas.tr\/index.php?rest_route=%2Fwp%2Fv2%2Ftags&post=50050"}],"curies":[{"name":"wp","href":"https:\/\/api.w.org\/{rel}","templated":true}]}}