{"id":50053,"date":"2026-01-16T20:24:07","date_gmt":"2026-01-16T20:24:07","guid":{"rendered":"https:\/\/haberbesiktas.tr\/?p=50053"},"modified":"2026-01-16T20:24:07","modified_gmt":"2026-01-16T20:24:07","slug":"oliver-glasner-crystal-palacetan-ayrilacagini-dogruladi","status":"publish","type":"post","link":"https:\/\/haberbesiktas.tr\/?p=50053","title":{"rendered":"Oliver Glasner, Crystal Palace&#8217;tan ayr\u0131laca\u011f\u0131n\u0131 do\u011frulad\u0131"},"content":{"rendered":"<div>\n<p>Crystal Palace Teknik Y\u00f6neticisi <strong>Oliver Glasner<\/strong>, d\u00f6nem sonunda misyonundan ayr\u0131laca\u011f\u0131n\u0131 resmen do\u011frulad\u0131. <\/p>\n<p>Avusturyal\u0131 teknik adam, kul\u00fcp ba\u015fkan\u0131 Steve Parish&#8217;e bu karar\u0131n\u0131 ekim ay\u0131nda bildirdi\u011fini ve<strong> &#8220;yeni bir meydan okuma&#8221;<\/strong> istedi\u011fini a\u00e7\u0131klad\u0131. Glasner ayr\u0131yeten, kadro kaptan\u0131 Marc Guehi&#8217;nin Manchester City&#8217;ye transferinin son etaba geldi\u011fini s\u00f6yledi.<\/p>\n<p> Ge\u00e7ti\u011fimiz d\u00f6nem Crystal Palace&#8217;a FA Cup zaferi kazand\u0131rarak kul\u00fcp tarihinin birinci b\u00fcy\u00fck kupas\u0131n\u0131 getiren Glasner&#8217;in mukavelesi yaz aylar\u0131nda sona eriyor. Tecr\u00fcbeli teknik adam\u0131n ismi son haftalarda Manchester United ile de an\u0131l\u0131yordu. Glasner, Sunderland deplasman\u0131 \u00f6ncesi yapt\u0131\u011f\u0131 a\u00e7\u0131klamayla ayr\u0131l\u0131\u011f\u0131 netle\u015ftirdi.<\/p>\n<p> <strong>&#8220;CRYSTAL PALACE&#8217;IN D\u00dcZG\u00dcNL\u00dc\u011e\u00dcN\u00dc \u0130ST\u0130YORUZ&#8221;<\/strong> <\/p>\n<p> &#8220;Bu karar aylar evvel al\u0131nd\u0131&#8221; diyen Glasner, s\u00fcreci \u015f\u00f6yle anlatt\u0131:<\/p>\n<p> <strong>&#8220;Ekim ay\u0131ndaki ulusal orta s\u0131ras\u0131nda Steve ile uzun bir toplant\u0131 yapt\u0131k. Yeni mukavele imzalamayaca\u011f\u0131m\u0131 kendisine s\u00f6yledim. O devir bunun kul\u00fcp i\u00e7in en uygunu olaca\u011f\u0131na karar verdik ve s\u00fcreci bilinmeyen tuttuk. Art\u0131k ise netlik kazanmas\u0131 k\u0131ymetli. Steve ile ikimiz de Crystal Palace&#8217;\u0131n uygunlu\u011funu istiyoruz.&#8221;<\/strong><\/p>\n<\/div>\n","protected":false},"excerpt":{"rendered":"<p>Crystal Palace Teknik Y\u00f6neticisi Oliver Glasner d\u00f6nem sonunda ekipten ayr\u0131laca\u011f\u0131n\u0131 a\u00e7\u0131klad\u0131.<\/p>\n","protected":false},"author":1,"featured_media":50054,"comment_status":"open","ping_status":"open","sticky":false,"template":"","format":"standard","meta":{"footnotes":""},"categories":[25],"tags":[3784],"class_list":["post-50053","post","type-post","status-publish","format-standard","has-post-thumbnail","hentry","category-futbol","tag-glasner"],"_links":{"self":[{"href":"https:\/\/haberbesiktas.tr\/index.php?rest_route=\/wp\/v2\/posts\/50053","targetHints":{"allow":["GET"]}}],"collection":[{"href":"https:\/\/haberbesiktas.tr\/index.php?rest_route=\/wp\/v2\/posts"}],"about":[{"href":"https:\/\/haberbesiktas.tr\/index.php?rest_route=\/wp\/v2\/types\/post"}],"author":[{"embeddable":true,"href":"https:\/\/haberbesiktas.tr\/index.php?rest_route=\/wp\/v2\/users\/1"}],"replies":[{"embeddable":true,"href":"https:\/\/haberbesiktas.tr\/index.php?rest_route=%2Fwp%2Fv2%2Fcomments&post=50053"}],"version-history":[{"count":1,"href":"https:\/\/haberbesiktas.tr\/index.php?rest_route=\/wp\/v2\/posts\/50053\/revisions"}],"predecessor-version":[{"id":50055,"href":"https:\/\/haberbesiktas.tr\/index.php?rest_route=\/wp\/v2\/posts\/50053\/revisions\/50055"}],"wp:featuredmedia":[{"embeddable":true,"href":"https:\/\/haberbesiktas.tr\/index.php?rest_route=\/wp\/v2\/media\/50054"}],"wp:attachment":[{"href":"https:\/\/haberbesiktas.tr\/index.php?rest_route=%2Fwp%2Fv2%2Fmedia&parent=50053"}],"wp:term":[{"taxonomy":"category","embeddable":true,"href":"https:\/\/haberbesiktas.tr\/index.php?rest_route=%2Fwp%2Fv2%2Fcategories&post=50053"},{"taxonomy":"post_tag","embeddable":true,"href":"https:\/\/haberbesiktas.tr\/index.php?rest_route=%2Fwp%2Fv2%2Ftags&post=50053"}],"curies":[{"name":"wp","href":"https:\/\/api.w.org\/{rel}","templated":true}]}}