{"id":5007,"date":"2025-01-20T16:36:01","date_gmt":"2025-01-20T16:36:01","guid":{"rendered":"https:\/\/haberbesiktas.tr\/?p=5007"},"modified":"2025-01-20T16:36:01","modified_gmt":"2025-01-20T16:36:01","slug":"yusuf-erdogan-hakem-ozur-diledi","status":"publish","type":"post","link":"https:\/\/haberbesiktas.tr\/?p=5007","title":{"rendered":"Yusuf Erdo\u011fan: &#8220;Hakem \u00f6z\u00fcr diledi&#8221;"},"content":{"rendered":"<div>Konyaspor&#8217;da forma giyen Yusuf Erdo\u011fan, Fenerbah\u00e7e&#8217;ye 3-2 ma\u011flup olduklar\u0131 ma\u00e7\u0131n akabinde a\u00e7\u0131klama yapt\u0131.<\/p>\n<p> Yenilgi sonras\u0131 konu\u015fan Erdo\u011fan, <strong>&#8220;Bug\u00fcn berabere kalaca\u011f\u0131m\u0131zda \u00fcz\u00fclece\u011fimiz bir ma\u00e7tan yenilgiyle ayr\u0131l\u0131yoruz. B\u00fct\u00fcn grup arkada\u015flar\u0131m\u0131 kutluyorum. Taraftar\u0131m\u0131za te\u015fekk\u00fcr ediyorum. Elimizden geleni yapt\u0131k.&#8221;<\/strong> dedi.<\/p>\n<p> <strong>&#8220;E\u015e\u0130T HALDE ADALET OLMALI&#8221;<\/strong><\/p>\n<p> Hakem kararlar\u0131n\u0131 ele\u015ftiren 32 ya\u015f\u0131ndaki futbolcu, <strong>&#8220;\u00c7ok \u015fey s\u00f6ylemek istiyorum lakin&#8230; 13. y\u0131l\u0131m Harika Lig&#8217;de. Art\u0131k futbol d\u0131\u015f\u0131n\u0131 konu\u015fmak yoruyor. Mutsuzuz d\u0131\u015far\u0131ya konu\u015fmaya. Ki\u015fisel kusurlar\u0131 ola\u011fan ki konu\u015faca\u011f\u0131z ancak k\u0131r\u0131lma anlar\u0131 aleyhimize oldu. U\u011furcan&#8217;\u0131n durumu y\u00fczde y\u00fcz k\u0131rm\u0131z\u0131 kart. Prip&#8217;in konumu penalt\u0131. K\u0131r\u0131lma anlar\u0131 daima aleyhimize \u00e7al\u0131nd\u0131. Yar\u0131\u015ftan kopmamak ismine bu t\u00fcrl\u00fc kolay \u015feylere gerek yok. Marka bedelimiz ismine \u00fcz\u00fcc\u00fc. Marka pahas\u0131n\u0131 artt\u0131rmam\u0131z gerekiyorsa, e\u015fit halde adalet olmal\u0131.&#8221;<\/strong> tabirlerini kulland\u0131.<\/p>\n<p> <strong>&#8220;ARTIK ACIYOR, ACI VER\u0130YOR!&#8221;<\/strong><\/p>\n<p> Erdo\u011fan ayr\u0131yeten,<strong> &#8220;\u00dczg\u00fcn\u00fcz. Seri yapmak zorunday\u0131z art\u0131k. Hakem konu\u015fmayaca\u011f\u0131m fakat art\u0131k ac\u0131yor, ac\u0131 veriyor! Yapacak bir \u015fey yok. Futbolumuzun bu t\u00fcrl\u00fc devam etmesini istemiyoruz. Futbolcular\u0131n konu\u015fuldu\u011fu bir lig istiyoruz. \u0130n\u015fallah herkes kendisine \u00e7uvald\u0131z\u0131 bat\u0131r\u0131r.&#8221;<\/strong> kelamlar\u0131n\u0131 sarf etti.<\/p>\n<p><strong>&#8220;B\u0130Z YALNIZCA RAK\u0130B\u0130M\u0130ZE \u00d6A\u011eLUP OLMAK \u0130ST\u0130YORUZ&#8221;<\/strong><\/p>\n<p><span>\u00dczg\u00fcn oldu\u011funu belirten Erdo\u011fan <strong>&#8220;Art\u0131k hakem konu\u015fmaktan yorulduk. Oynad\u0131\u011f\u0131m t\u00fcm kul\u00fcplerde bu kasvetleri ya\u015fad\u0131m. B\u00fcy\u00fck derbiler de oynad\u0131m, Anadolu ekipler ile bu t\u00fcrl\u00fc b\u00fcy\u00fck ma\u00e7lara da \u00e7\u0131kt\u0131m. Bir ma\u00e7tan kendi kusurlar\u0131m\u0131z\u0131 konu\u015farak ayr\u0131ld\u0131\u011f\u0131m\u0131 g\u00f6rmedim bug\u00fcne kadar. Bug\u00fcn de ferd\u00ee yanl\u0131\u015ftan yedi\u011fimiz goller var lakin ma\u00e7\u0131n k\u0131r\u0131lma anlar\u0131m\u0131 yorumlayam\u0131yorum, ac\u0131 veriyor. Bug\u00fcn yabanc\u0131 arkada\u015flar\u0131m\u0131zla konu\u015fuyoruz, ma\u00e7\u0131 kazanaca\u011f\u0131m\u0131za inanam\u0131yoruz! Zira ma\u00e7\u0131n i\u00e7inde o denli bir k\u0131r\u0131lma anlar\u0131n\u0131 rakibe veriyorlar ki&#8230; Olmayan fauller \u00e7al\u0131n\u0131yor, ata\u011f\u0131 \u00e7\u0131karken durduruluyor. Net bir k\u0131rm\u0131z\u0131 kart var. Fenerbah\u00e7e 10 ki\u015fi kalsa de\u011fi\u015fik bir ma\u00e7 olacak. Y\u00fczde y\u00fcz penalt\u0131 konumu var. Bu t\u00fcrl\u00fc k\u0131r\u0131lma anlar\u0131n\u0131 kazanamazsan\u0131z, ma\u00e7\u0131 da kaybediyorsunuz bir halde.\u00a0<\/strong><span><strong>Biz yaln\u0131zca rakibimize ma\u011flup olmak istiyoruz, saha d\u0131\u015f\u0131ndaki oyunlara de\u011fil. \u00dczg\u00fcn\u00fcz bug\u00fcn.&#8221;<\/strong> dedi.<\/p>\n<p><strong>&#8220;HAKEM \u00d6Z\u00dcR D\u0130LED\u0130&#8221;<\/strong><\/p>\n<p><span>Hakemin kendisinden \u00f6z\u00fcr diledi\u011fi s\u00f6yleyen futbolcu,<strong> &#8220;Bug\u00fcn tam \u00e7alay\u0131m m\u0131, \u00e7almasam m\u0131 ortas\u0131nda gitgeller oldu\u011fu vakit ister istemez hakem konu\u015fuluyor. \u00c7ok fazla bask\u0131 var \u00fczerlerinde. Beden lisanlar\u0131 saha i\u00e7erisinde beni \u00e7ok rahats\u0131z ediyor. \u0130ki tane durum var bug\u00fcn. Hakem, &#8220;\u00d6z\u00fcr dilerim, \u00e7alamad\u0131m, ka\u00e7\u0131rd\u0131m pozisyonu&#8221; diyor. Bana bunu dedikten sonra art\u0131k saha i\u00e7erisinde inanc\u0131m\u0131 kaybediyorum birtak\u0131m \u015feylere. Onlar\u0131n \u00fczerinde bask\u0131lar olabiliyor lakin bizim marka pahas\u0131n\u0131 y\u00fckseltmemiz gerekiyor. Anadolu kul\u00fcplerinin de \u015fampiyonlu\u011fa oynayan kul\u00fcpler kadar konu\u015fulmas\u0131 gerekiyor. Bug\u00fcn Fenerbah\u00e7e kaybetseydi, ulusal bas\u0131na gere\u00e7 olacakt\u0131. Lakin biz kaybetti\u011fimiz i\u00e7in \u00e7ok fazla konu\u015fulaca\u011f\u0131n\u0131 d\u00fc\u015f\u00fcnm\u00fcyorum. Adalet herkese laz\u0131m.&#8221;<\/strong> s\u00f6zlerini kulland\u0131.<\/span><\/span><\/span><\/p>\n<p> \u00a0<\/p>\n<\/div>\n","protected":false},"excerpt":{"rendered":"<p>Konyasporlu Yusuf Erdo\u011fan, Fenerbah\u00e7e&#8217;ye 3-2 yenildikleri ma\u00e7\u0131n akabinde a\u00e7\u0131klama yapt\u0131.<\/p>\n","protected":false},"author":1,"featured_media":5008,"comment_status":"open","ping_status":"open","sticky":false,"template":"","format":"standard","meta":{"footnotes":""},"categories":[25],"tags":[692,691,172,62,163],"class_list":["post-5007","post","type-post","status-publish","format-standard","has-post-thumbnail","hentry","category-futbol","tag-aci","tag-artik","tag-futbol","tag-hakem","tag-pozisyon"],"_links":{"self":[{"href":"https:\/\/haberbesiktas.tr\/index.php?rest_route=\/wp\/v2\/posts\/5007","targetHints":{"allow":["GET"]}}],"collection":[{"href":"https:\/\/haberbesiktas.tr\/index.php?rest_route=\/wp\/v2\/posts"}],"about":[{"href":"https:\/\/haberbesiktas.tr\/index.php?rest_route=\/wp\/v2\/types\/post"}],"author":[{"embeddable":true,"href":"https:\/\/haberbesiktas.tr\/index.php?rest_route=\/wp\/v2\/users\/1"}],"replies":[{"embeddable":true,"href":"https:\/\/haberbesiktas.tr\/index.php?rest_route=%2Fwp%2Fv2%2Fcomments&post=5007"}],"version-history":[{"count":1,"href":"https:\/\/haberbesiktas.tr\/index.php?rest_route=\/wp\/v2\/posts\/5007\/revisions"}],"predecessor-version":[{"id":5009,"href":"https:\/\/haberbesiktas.tr\/index.php?rest_route=\/wp\/v2\/posts\/5007\/revisions\/5009"}],"wp:featuredmedia":[{"embeddable":true,"href":"https:\/\/haberbesiktas.tr\/index.php?rest_route=\/wp\/v2\/media\/5008"}],"wp:attachment":[{"href":"https:\/\/haberbesiktas.tr\/index.php?rest_route=%2Fwp%2Fv2%2Fmedia&parent=5007"}],"wp:term":[{"taxonomy":"category","embeddable":true,"href":"https:\/\/haberbesiktas.tr\/index.php?rest_route=%2Fwp%2Fv2%2Fcategories&post=5007"},{"taxonomy":"post_tag","embeddable":true,"href":"https:\/\/haberbesiktas.tr\/index.php?rest_route=%2Fwp%2Fv2%2Ftags&post=5007"}],"curies":[{"name":"wp","href":"https:\/\/api.w.org\/{rel}","templated":true}]}}