{"id":5010,"date":"2025-01-20T16:59:58","date_gmt":"2025-01-20T16:59:58","guid":{"rendered":"https:\/\/haberbesiktas.tr\/?p=5010"},"modified":"2025-01-20T16:59:58","modified_gmt":"2025-01-20T16:59:58","slug":"ugurcan-yazgili-net-kirmizi-kart","status":"publish","type":"post","link":"https:\/\/haberbesiktas.tr\/?p=5010","title":{"rendered":"U\u011furcan Yaz\u011f\u0131l\u0131: &#8220;Net k\u0131rm\u0131z\u0131 kart!&#8221;"},"content":{"rendered":"<div>Konyaspor formas\u0131 giyen U\u011furcan Yaz\u011f\u0131l\u0131, Fenerbah\u00e7e m\u00fcsabakas\u0131n\u0131n akabinde konu\u015ftu.<\/p>\n<p> U\u011furcan, kul\u00fcp ba\u015fkan\u0131 \u00d6mer Korkmaz&#8217;\u0131n a\u00e7\u0131klamalar\u0131yla ilgili, &#8220;<strong>Biz sahan\u0131n i\u00e7inde kalmaya \u00e7al\u0131\u015ft\u0131k\u00e7a sa\u00e7ma sapan \u015feyler oluyor. Biz bunu s\u00f6yleyince ceza al\u0131yoruz. O y\u00fczden liderden rica ettik a\u00e7\u0131klamalar\u0131 i\u00e7in. Elimizden geleni yap\u0131yoruz ancak bir yere kadar. M\u00fcsaade etmiyorlar! \u0130kinci golde, aut olacak duruma korner verdi, gol oldu. Dzeko&#8217;nun aya\u011f\u0131ma bast\u0131\u011f\u0131 durum, bunu hangi kadro yaparsa yaps\u0131n k\u0131rm\u0131z\u0131 kart olacakt\u0131. Vermediler!&#8221;<\/strong> dedi.<\/p>\n<p> Edin Dzeko ile ya\u015fad\u0131\u011f\u0131 durumu k\u0131ymetlendiren U\u011furcan Yaz\u011f\u0131l\u0131, <strong>&#8220;Topa m\u00fcdahale yapt\u0131m ben, o da direkt kaval kemi\u011fime bast\u0131. \u00c7ok makus bast\u0131. \u0130stemeyerek yapt\u0131 tahminen ancak bu net bir k\u0131rm\u0131z\u0131 kart. Gidip VAR&#8217;a bakmamas\u0131, hi\u00e7bir reaksiyon vermiyor. Biz de bir \u015fey yapam\u0131yoruz. Hakemlerle irtibat kuram\u0131yoruz neredeyse. Biz bir \u015fey s\u00f6yleyince, sar\u0131 kart veriyor yahut tam z\u0131dd\u0131 yan\u0131t verebiliyor. Lakin b\u00fcy\u00fck grup oyuncular\u0131 olunca bu t\u00fcrl\u00fc yans\u0131larla kar\u015f\u0131la\u015fm\u0131yorlar. Biz de liderden rica ettik. Nas\u0131l olacak bilmiyorum. \u00c7ok b\u00fcy\u00fck emek verdik lakin kar\u015f\u0131l\u0131\u011f\u0131n\u0131 alamad\u0131k. \u0130n\u015fallah \u00f6n\u00fcm\u00fczdeki ma\u00e7larda al\u0131r\u0131z.&#8221;<\/strong> dedi.<\/p>\n<p> <strong>&#8220;HED\u0130YE VERMEK \u0130STED\u0130K ANCAK MAN\u0130 OLDULAR&#8221;<\/strong><\/p>\n<p> U\u011furcan, son olarak, Ahmet \u00c7al\u0131k ile ilgili, <strong>&#8220;Bizim i\u00e7in s\u0131k\u0131nt\u0131 bir haftayd\u0131. \u00c7ok sevdi\u011fimiz bir a\u011fabeyimiz. T\u00fcrk futbol toplulu\u011fu i\u00e7in b\u00fcy\u00fck bir kay\u0131p. Bizi \u00e7ok etkiledi. Ben de o devir gelmi\u015ftim buraya. Yeri cennet olsun. Ona bir ikram vermek istiyorduk fakat buna p\u00fcr\u00fcz oldular.&#8221;<\/strong> kelamlar\u0131n\u0131 sarf etti.<\/p>\n<\/div>\n","protected":false},"excerpt":{"rendered":"<p>Konyaspor formas\u0131 giyen U\u011furcan Yaz\u011f\u0131l\u0131, Fenerbah\u00e7e ma\u00e7\u0131 sonras\u0131 konu\u015ftu.<\/p>\n","protected":false},"author":1,"featured_media":5011,"comment_status":"open","ping_status":"open","sticky":false,"template":"","format":"standard","meta":{"footnotes":""},"categories":[25],"tags":[],"class_list":["post-5010","post","type-post","status-publish","format-standard","has-post-thumbnail","hentry","category-futbol"],"_links":{"self":[{"href":"https:\/\/haberbesiktas.tr\/index.php?rest_route=\/wp\/v2\/posts\/5010","targetHints":{"allow":["GET"]}}],"collection":[{"href":"https:\/\/haberbesiktas.tr\/index.php?rest_route=\/wp\/v2\/posts"}],"about":[{"href":"https:\/\/haberbesiktas.tr\/index.php?rest_route=\/wp\/v2\/types\/post"}],"author":[{"embeddable":true,"href":"https:\/\/haberbesiktas.tr\/index.php?rest_route=\/wp\/v2\/users\/1"}],"replies":[{"embeddable":true,"href":"https:\/\/haberbesiktas.tr\/index.php?rest_route=%2Fwp%2Fv2%2Fcomments&post=5010"}],"version-history":[{"count":1,"href":"https:\/\/haberbesiktas.tr\/index.php?rest_route=\/wp\/v2\/posts\/5010\/revisions"}],"predecessor-version":[{"id":5012,"href":"https:\/\/haberbesiktas.tr\/index.php?rest_route=\/wp\/v2\/posts\/5010\/revisions\/5012"}],"wp:featuredmedia":[{"embeddable":true,"href":"https:\/\/haberbesiktas.tr\/index.php?rest_route=\/wp\/v2\/media\/5011"}],"wp:attachment":[{"href":"https:\/\/haberbesiktas.tr\/index.php?rest_route=%2Fwp%2Fv2%2Fmedia&parent=5010"}],"wp:term":[{"taxonomy":"category","embeddable":true,"href":"https:\/\/haberbesiktas.tr\/index.php?rest_route=%2Fwp%2Fv2%2Fcategories&post=5010"},{"taxonomy":"post_tag","embeddable":true,"href":"https:\/\/haberbesiktas.tr\/index.php?rest_route=%2Fwp%2Fv2%2Ftags&post=5010"}],"curies":[{"name":"wp","href":"https:\/\/api.w.org\/{rel}","templated":true}]}}