{"id":50217,"date":"2026-01-17T13:24:07","date_gmt":"2026-01-17T13:24:07","guid":{"rendered":"https:\/\/haberbesiktas.tr\/?p=50217"},"modified":"2026-01-17T13:24:07","modified_gmt":"2026-01-17T13:24:07","slug":"aliaga-petkimsporda-abdli-basketbolcu-daniel-utomi-ile-yollar-ayrildi","status":"publish","type":"post","link":"https:\/\/haberbesiktas.tr\/?p=50217","title":{"rendered":"Alia\u011fa Petkimspor&#8217;da ABD&#8217;li basketbolcu Daniel Utomi ile yollar ayr\u0131ld\u0131"},"content":{"rendered":"<div>T\u00fcrkiye Sigorta Basketbol S\u00fcper Ligi tak\u0131mlar\u0131ndan Alia\u011fa Petkimspor&#8217;da ABD&#8217;li oyun kurucu Daniel Utomi&#8217;nin mukavelesi kar\u015f\u0131l\u0131kl\u0131 feshedildi.<\/p>\n<p> Kul\u00fcpten yap\u0131lan a\u00e7\u0131klamada, &#8220;Oyuncumuz Daniel Utomi ile kar\u015f\u0131l\u0131kl\u0131 anla\u015farak mukavelemizi feshettik. Kendisine mesle\u011finin bundan sonraki periyodunda muvaffakiyetler diliyoruz.&#8221; s\u00f6zlerine yer verildi.<\/p>\n<p> \u0130zmir grubu, ABD&#8217;li basketbolcuyla 3 Eyl\u00fcl 2025&#8217;te mukavele imzaland\u0131\u011f\u0131n\u0131 duyurmu\u015ftu.<\/p>\n<\/div>\n","protected":false},"excerpt":{"rendered":"<p>T\u00fcrkiye Sigorta Basketbol S\u00fcper Ligi tak\u0131mlar\u0131ndan Alia\u011fa Petkimspor&#8217;da ABD&#8217;li oyun kurucu Daniel Utomi ile yollar ayr\u0131ld\u0131.<\/p>\n","protected":false},"author":1,"featured_media":50218,"comment_status":"open","ping_status":"open","sticky":false,"template":"","format":"standard","meta":{"footnotes":""},"categories":[10],"tags":[],"class_list":["post-50217","post","type-post","status-publish","format-standard","has-post-thumbnail","hentry","category-basketbol"],"_links":{"self":[{"href":"https:\/\/haberbesiktas.tr\/index.php?rest_route=\/wp\/v2\/posts\/50217","targetHints":{"allow":["GET"]}}],"collection":[{"href":"https:\/\/haberbesiktas.tr\/index.php?rest_route=\/wp\/v2\/posts"}],"about":[{"href":"https:\/\/haberbesiktas.tr\/index.php?rest_route=\/wp\/v2\/types\/post"}],"author":[{"embeddable":true,"href":"https:\/\/haberbesiktas.tr\/index.php?rest_route=\/wp\/v2\/users\/1"}],"replies":[{"embeddable":true,"href":"https:\/\/haberbesiktas.tr\/index.php?rest_route=%2Fwp%2Fv2%2Fcomments&post=50217"}],"version-history":[{"count":1,"href":"https:\/\/haberbesiktas.tr\/index.php?rest_route=\/wp\/v2\/posts\/50217\/revisions"}],"predecessor-version":[{"id":50219,"href":"https:\/\/haberbesiktas.tr\/index.php?rest_route=\/wp\/v2\/posts\/50217\/revisions\/50219"}],"wp:featuredmedia":[{"embeddable":true,"href":"https:\/\/haberbesiktas.tr\/index.php?rest_route=\/wp\/v2\/media\/50218"}],"wp:attachment":[{"href":"https:\/\/haberbesiktas.tr\/index.php?rest_route=%2Fwp%2Fv2%2Fmedia&parent=50217"}],"wp:term":[{"taxonomy":"category","embeddable":true,"href":"https:\/\/haberbesiktas.tr\/index.php?rest_route=%2Fwp%2Fv2%2Fcategories&post=50217"},{"taxonomy":"post_tag","embeddable":true,"href":"https:\/\/haberbesiktas.tr\/index.php?rest_route=%2Fwp%2Fv2%2Ftags&post=50217"}],"curies":[{"name":"wp","href":"https:\/\/api.w.org\/{rel}","templated":true}]}}