{"id":50227,"date":"2026-01-17T14:00:04","date_gmt":"2026-01-17T14:00:04","guid":{"rendered":"https:\/\/haberbesiktas.tr\/?p=50227"},"modified":"2026-01-17T14:00:04","modified_gmt":"2026-01-17T14:00:04","slug":"trabzonspor-6-eksikle-kocaelispor-deplasmaninda","status":"publish","type":"post","link":"https:\/\/haberbesiktas.tr\/?p=50227","title":{"rendered":"Trabzonspor, 6 eksikle Kocaelispor deplasman\u0131nda"},"content":{"rendered":"<div>\n<div>Trabzonspor, Muhte\u015fem Lig&#8217;in 18&#8217;inci hafta ma\u00e7\u0131nda 18 Ocak Pazar g\u00fcn\u00fc saat 17.00&#8217;de oynayaca\u011f\u0131 Kocaelispor ma\u00e7\u0131n\u0131n haz\u0131rl\u0131klar\u0131n\u0131 bug\u00fcn yapt\u0131\u011f\u0131 idmanla tamamlad\u0131.<\/div>\n<div>\u00a0<\/div>\n<div>Teknik y\u00f6netici Fatih Tekke idaresinde Mehmet Ali Y\u0131lmaz Tesisleri&#8217;nde yap\u0131lan idmanda bordo-mavililer taktik \u00e7al\u0131\u015fmas\u0131 ger\u00e7ekle\u015ftirdikten sonra saat 16.00&#8217;da \u00f6zel bir u\u00e7akla \u0130stanbul&#8217;a gitti.<\/div>\n<div>\u00a0<\/div>\n<div><strong>KADRODA 6 EKS\u0130K<\/strong><\/div>\n<div>\u00a0<\/div>\n<div>Trabzonspor&#8217;un 21 bireyden olu\u015fan Kocaelispor ma\u00e7 tak\u0131m\u0131nda \u015fu oyuncular yer ald\u0131:<\/div>\n<div>\u00a0<\/div>\n<div>&#8220;Andre Onana, Onuralp \u00c7evikkan, Ahmet Do\u011fan Y\u0131ld\u0131r\u0131m, \u2060 Arseniy Batagov, Chibuike Nwaiwu, Taha Emre \u0130nce, Wagner Pina, Mustafa Eskihella\u00e7, Okay Yoku\u015flu, Salih Malko\u00e7o\u011flu, Tim Jabol Folcarelli, Christ Inao Oulai, Benjamin Bouchouari, Ozan Tufan, Anthony Nwakaeme, Ernest Mu\u00e7i, Felipe Augusto, Oleksandr Zubkov, Cihan \u00c7anak, Kazeem Olaigbe, Onuralp \u00c7ak\u0131ro\u011flu.&#8221;<\/div>\n<div>\u00a0<\/div>\n<div>Bordo-mavililerin Kocaelispor ma\u00e7 kafilesinde tedavileri devam eden Rayyan Baniya, Stefan Savic, Edin Visca ve ile Afrika Uluslar Kupas\u0131 ma\u00e7\u0131 i\u00e7in \u00fclkesinin ulusal grubunda bulunan Onuachu ile cezal\u0131 olan Boran Lider birebir vakitte transfer g\u00f6r\u00fc\u015fmesi yapacak olan Sikan yer almad\u0131.<\/div>\n<\/p><\/div>\n","protected":false},"excerpt":{"rendered":"<p>Trabzonspor, Muhte\u015fem Lig&#8217;in 18&#8217;inci haftas\u0131nda deplasmanda oynayaca\u011f\u0131 Kocaelispor ma\u00e7\u0131n\u0131n haz\u0131rl\u0131klar\u0131n\u0131 tamamlayarak Kocaeli&#8217;ye gitti.<\/p>\n","protected":false},"author":1,"featured_media":50228,"comment_status":"open","ping_status":"open","sticky":false,"template":"","format":"standard","meta":{"footnotes":""},"categories":[25],"tags":[50],"class_list":["post-50227","post","type-post","status-publish","format-standard","has-post-thumbnail","hentry","category-futbol","tag-mac"],"_links":{"self":[{"href":"https:\/\/haberbesiktas.tr\/index.php?rest_route=\/wp\/v2\/posts\/50227","targetHints":{"allow":["GET"]}}],"collection":[{"href":"https:\/\/haberbesiktas.tr\/index.php?rest_route=\/wp\/v2\/posts"}],"about":[{"href":"https:\/\/haberbesiktas.tr\/index.php?rest_route=\/wp\/v2\/types\/post"}],"author":[{"embeddable":true,"href":"https:\/\/haberbesiktas.tr\/index.php?rest_route=\/wp\/v2\/users\/1"}],"replies":[{"embeddable":true,"href":"https:\/\/haberbesiktas.tr\/index.php?rest_route=%2Fwp%2Fv2%2Fcomments&post=50227"}],"version-history":[{"count":1,"href":"https:\/\/haberbesiktas.tr\/index.php?rest_route=\/wp\/v2\/posts\/50227\/revisions"}],"predecessor-version":[{"id":50229,"href":"https:\/\/haberbesiktas.tr\/index.php?rest_route=\/wp\/v2\/posts\/50227\/revisions\/50229"}],"wp:featuredmedia":[{"embeddable":true,"href":"https:\/\/haberbesiktas.tr\/index.php?rest_route=\/wp\/v2\/media\/50228"}],"wp:attachment":[{"href":"https:\/\/haberbesiktas.tr\/index.php?rest_route=%2Fwp%2Fv2%2Fmedia&parent=50227"}],"wp:term":[{"taxonomy":"category","embeddable":true,"href":"https:\/\/haberbesiktas.tr\/index.php?rest_route=%2Fwp%2Fv2%2Fcategories&post=50227"},{"taxonomy":"post_tag","embeddable":true,"href":"https:\/\/haberbesiktas.tr\/index.php?rest_route=%2Fwp%2Fv2%2Ftags&post=50227"}],"curies":[{"name":"wp","href":"https:\/\/api.w.org\/{rel}","templated":true}]}}