{"id":50230,"date":"2026-01-17T14:12:05","date_gmt":"2026-01-17T14:12:05","guid":{"rendered":"https:\/\/haberbesiktas.tr\/?p=50230"},"modified":"2026-01-17T14:12:05","modified_gmt":"2026-01-17T14:12:05","slug":"fiorentina-baskani-commisso-hayatini-kaybetti","status":"publish","type":"post","link":"https:\/\/haberbesiktas.tr\/?p=50230","title":{"rendered":"Fiorentina Ba\u015fkan\u0131 Commisso hayat\u0131n\u0131 kaybetti"},"content":{"rendered":"<div>\n<div>\u0130talya Serie A tak\u0131mlar\u0131ndan Fiorentina&#8217;n\u0131n kul\u00fcp ba\u015fkan\u0131 Rocco B. Commisso&#8217;nun hayat\u0131n\u0131 kaybetti\u011fi bildirildi.<\/div>\n<div>\u00a0<\/div>\n<div>Kul\u00fcpten yap\u0131lan a\u00e7\u0131klamada, &#8220;B\u00fcy\u00fck bir ac\u0131 ve \u00fcz\u00fcnt\u00fcyle, Commisso ailesi, lider Rocco B. Commisso&#8217;nun vefat\u0131n\u0131 duyurur. Uzun s\u00fcren bir tedavi s\u00fcrecinin akabinde sevgili liderimiz ortam\u0131zdan ayr\u0131ld\u0131 ve bug\u00fcn hepimiz onun vefat\u0131n\u0131 yas tutarak an\u0131yoruz.&#8221; tabirleri kullan\u0131ld\u0131.<\/div>\n<div>\u00a0<\/div>\n<div>A\u00e7\u0131klamada, Commisso&#8217;nun 7 y\u0131l \u00f6nce kul\u00fcb\u00fc devralmas\u0131ndan sonra Fiorentina&#8217;n\u0131n kendisinin bir tutkusu haline geldi\u011fi belirtilerek, bug\u00fcn Fiorentina&#8217;n\u0131n meskeni olarak an\u0131lan tesislerinin bulundu\u011fu &#8220;Viola Park&#8221;ta isminin sonsuza dek ya\u015fayaca\u011f\u0131 kaydedildi.<\/div>\n<div>\u00a0<\/div>\n<div>76 ya\u015f\u0131ndaki \u0130talya do\u011fumlu ABD vatanda\u015f\u0131 \u00fcnl\u00fc i\u015f insan\u0131, tedavisi sebebiyle bir m\u00fcddettir ABD&#8217;de bulunuyor ve uzun seyahat yapamad\u0131\u011f\u0131 i\u00e7in Fiorentina&#8217;n\u0131n ma\u00e7lar\u0131na gelemiyordu.<\/div>\n<div>\u00a0<\/div>\n<div>Commisso&#8217;nun Ekim 2025&#8217;te ABD&#8217;nin New York kentinde bel f\u0131t\u0131\u011f\u0131 ve siyatik nedeniyle bir operasyon ge\u00e7irdi\u011fi ve sonras\u0131nda bir daha Floransa&#8217;ya gelemedi\u011fi bas\u0131na yans\u0131d\u0131.<\/div>\n<div>\u00a0<\/div>\n<div>Fiorentina, lider Commisso periyodunda UEFA Konferans Ligi&#8217;nde 2023 ve 2024 y\u0131llar\u0131nda iki defa final oynarken, 2023&#8217;te de \u0130talya Kupas\u0131&#8217;nda finale kadar y\u00fckselmi\u015fti.<\/div>\n<div>\u00a0<\/div>\n<div>Commisso&#8217;nun vefat haberinin akabinde Fiorentina taraftarlar\u0131, Napoli, Roma, Parma ve Hellas Verona ba\u015fta olmak \u00fczere bir\u00e7ok kul\u00fcp ve \u0130talyan i\u015f d\u00fcnyas\u0131ndan pek \u00e7ok isim, taziye bildirisi payla\u015ft\u0131.<\/div>\n<div>\u00a0<\/div>\n<\/p><\/div>\n","protected":false},"excerpt":{"rendered":"<p>\u0130talya Serie A ekibi Fiorentina&#8217;n\u0131n ba\u015fkan\u0131 Rocco B. Commisso, uzun m\u00fcddettir devam eden tedavi s\u00fcrecinin akabinde 76 ya\u015f\u0131nda \u00f6mr\u00fcn\u00fc yitirdi.<\/p>\n","protected":false},"author":1,"featured_media":50231,"comment_status":"open","ping_status":"open","sticky":false,"template":"","format":"standard","meta":{"footnotes":""},"categories":[25],"tags":[699],"class_list":["post-50230","post","type-post","status-publish","format-standard","has-post-thumbnail","hentry","category-futbol","tag-fiorentina"],"_links":{"self":[{"href":"https:\/\/haberbesiktas.tr\/index.php?rest_route=\/wp\/v2\/posts\/50230","targetHints":{"allow":["GET"]}}],"collection":[{"href":"https:\/\/haberbesiktas.tr\/index.php?rest_route=\/wp\/v2\/posts"}],"about":[{"href":"https:\/\/haberbesiktas.tr\/index.php?rest_route=\/wp\/v2\/types\/post"}],"author":[{"embeddable":true,"href":"https:\/\/haberbesiktas.tr\/index.php?rest_route=\/wp\/v2\/users\/1"}],"replies":[{"embeddable":true,"href":"https:\/\/haberbesiktas.tr\/index.php?rest_route=%2Fwp%2Fv2%2Fcomments&post=50230"}],"version-history":[{"count":1,"href":"https:\/\/haberbesiktas.tr\/index.php?rest_route=\/wp\/v2\/posts\/50230\/revisions"}],"predecessor-version":[{"id":50232,"href":"https:\/\/haberbesiktas.tr\/index.php?rest_route=\/wp\/v2\/posts\/50230\/revisions\/50232"}],"wp:featuredmedia":[{"embeddable":true,"href":"https:\/\/haberbesiktas.tr\/index.php?rest_route=\/wp\/v2\/media\/50231"}],"wp:attachment":[{"href":"https:\/\/haberbesiktas.tr\/index.php?rest_route=%2Fwp%2Fv2%2Fmedia&parent=50230"}],"wp:term":[{"taxonomy":"category","embeddable":true,"href":"https:\/\/haberbesiktas.tr\/index.php?rest_route=%2Fwp%2Fv2%2Fcategories&post=50230"},{"taxonomy":"post_tag","embeddable":true,"href":"https:\/\/haberbesiktas.tr\/index.php?rest_route=%2Fwp%2Fv2%2Ftags&post=50230"}],"curies":[{"name":"wp","href":"https:\/\/api.w.org\/{rel}","templated":true}]}}