{"id":50280,"date":"2026-01-17T17:24:05","date_gmt":"2026-01-17T17:24:05","guid":{"rendered":"https:\/\/haberbesiktas.tr\/?p=50280"},"modified":"2026-01-17T17:24:05","modified_gmt":"2026-01-17T17:24:05","slug":"arda-guler-protestolari-susturdu-maci-kazandirdi","status":"publish","type":"post","link":"https:\/\/haberbesiktas.tr\/?p=50280","title":{"rendered":"Arda G\u00fcler protestolar\u0131 susturdu, ma\u00e7\u0131 kazand\u0131rd\u0131!"},"content":{"rendered":"<div>\u0130spanya Ligi&#8217;nde Real Madrid, protestolar\u0131n alt\u0131nda Levante ma\u00e7\u0131na \u00e7\u0131kt\u0131.<\/p>\n<p> Birinci yar\u0131s\u0131 gols\u00fcz biten ma\u00e7\u0131n ikinci yar\u0131s\u0131nda Arda G\u00fcler oyuna girdi, Real Madrid&#8217;de goller geldi. Gayret \u0130spanyol devinin 2-0&#8217;l\u0131k \u00fcst\u00fcnl\u00fc\u011f\u00fcyle bitti.<\/p>\n<p> Evvel \u0130spanya Harika Kupas\u0131&#8217;nda Barcelona&#8217;ya kaybeden ve Xabi Alonso ile yollar\u0131n\u0131 ay\u0131ran Real Madrid, sonras\u0131nda hafta i\u00e7i Alvaro Arbeloa idaresindeki birinci ma\u00e7\u0131nda Albacete&#8217;ye 3-2 yenildi ve Kral Kupas\u0131&#8217;ndan da elendi.<\/p>\n<p> <strong>PROTESTOLARLA GE\u00c7EN MA\u00c7!<\/strong> <\/p>\n<p> Bernabeu&#8217;da Alvaro Arbeloa idaresinde birinci ma\u00e7\u0131na \u00e7\u0131kan Real Madrid&#8217;de ma\u00e7 \u00f6ncesi ve ma\u00e7 s\u0131ras\u0131nda futbolcular devaml\u0131 olarak \u0131sl\u0131kland\u0131. Lider Florentino Perez i\u00e7in ise istifa tezah\u00fcratlar\u0131 yap\u0131ld\u0131.<\/p>\n<p> <strong>SADECE ARDA G\u00dcLER ALKI\u015eLANDI VE&#8230;<\/strong><\/p>\n<p> Real Madrid&#8217;de b\u00fct\u00fcn futbolcular neredeyse \u0131sl\u0131klan\u0131rken, Arda G\u00fcler 46. dakikada alk\u0131\u015flarla oyuna dahil oldu. Eduardo Camavinga&#8217;n\u0131n yerine oyuna dahil olan Arda G\u00fcler, Real Madrid&#8217;in atakta hareketlenmesini sa\u011flad\u0131.<\/p>\n<p> Arda G\u00fcler&#8217;in pas\u0131na ko\u015fan Kylian Mbappe, 57. dakikada ceza alan\u0131nda yerde kald\u0131 ve Real Madrid penalt\u0131 kazand\u0131. Kylian Mbappe penaly\u0131 gole \u00e7evirerek Real Madrid&#8217;i 1-0 \u00f6ne ge\u00e7irdi.<\/p>\n<p> <strong>ARDA G\u00dcLER&#8217;DEN B\u0130R DE AS\u0130ST!<\/strong><\/p>\n<p> Oyuna girdikten sonra olumlu i\u015fler yapan Arda G\u00fcler, 65. dakikada ola\u011fan\u00fcst\u00fc bir korner kulland\u0131 ve Asencio&#8217;nun ba\u015f vuru\u015fu sonras\u0131 skor 2-0 oldu. Kalan k\u0131s\u0131mda oyunun \u00fcst\u00fcnl\u00fc\u011f\u00fcn\u00fc b\u0131rakmayan Real Madrid gol bulamad\u0131 ancak ma\u00e7\u0131 kazand\u0131.<\/p>\n<blockquote class=\"twitter-tweet\" data-width=\"500\" data-dnt=\"true\">\n<p lang=\"tr\" dir=\"ltr\">Real Madrid&#39;in ma\u00e7\u0131 \u00e7\u00f6zmesinde Arda G\u00fcler&#39;in etkisi devam ediyor;  bu kez asist yapt\u0131.\ud83c\uddf9\ud83c\uddf7\ud83c\uddf9\ud83c\uddf7\ud83c\uddf9\ud83c\uddf7\ud83c\uddf9\ud83c\uddf7\ud83c\uddf9\ud83c\uddf7<a href=\"https:\/\/t.co\/zthr3DwEFv\" rel=\"nofollow\">pic.twitter.com\/zthr3DwEFv<\/a> <a href=\"https:\/\/t.co\/l0RQFladIy\" rel=\"nofollow\">https:\/\/t.co\/l0RQFladIy<\/a><\/p>\n<p>&mdash; Sporx (@sporx) <a href=\"https:\/\/twitter.com\/sporx\/status\/2012532934134100080?ref_src=twsrc%5Etfw\" rel=\"nofollow noopener\" target=\"_blank\">January 17, 2026<\/a><\/p><\/blockquote>\n<p><script async src=\"https:\/\/platform.twitter.com\/widgets.js\" charset=\"utf-8\"><\/script><\/p>\n<p> Bu galibiyetini akabinde puan\u0131n\u0131 48&#8217;e y\u00fckselten Real Madrid, ma\u00e7 ziyadesiyle Barcelona ile fark\u0131 1&#8217;e d\u00fc\u015f\u00fcrd\u00fc. K\u00fcme d\u00fc\u015fme \u00e7izgisindeki Levante 14 puanda kald\u0131.<\/p>\n<p> \u0130spanya Ligi&#8217;nde gelecek hafta Real Madrid, Villarreal&#8217;e konuk olacak. Levante, Elche&#8217;yi a\u011f\u0131rlayacak.<\/p>\n<\/div>\n","protected":false},"excerpt":{"rendered":"<p>\u0130spanya LaLiga&#8217;n\u0131n 20. hafta ma\u00e7\u0131nda Real Madrid, konuk etti\u011fi Levante&#8217;yi 2-0 ma\u011flup etti. Real Madrid&#8217;in protestolar\u0131n alt\u0131nda oynad\u0131\u011f\u0131 ma\u00e7a Arda G\u00fcler damga vurdu.<\/p>\n","protected":false},"author":1,"featured_media":50282,"comment_status":"open","ping_status":"open","sticky":false,"template":"","format":"standard","meta":{"footnotes":""},"categories":[25],"tags":[866,50,364],"class_list":["post-50280","post","type-post","status-publish","format-standard","has-post-thumbnail","hentry","category-futbol","tag-arda-guler","tag-mac","tag-real-madrid"],"_links":{"self":[{"href":"https:\/\/haberbesiktas.tr\/index.php?rest_route=\/wp\/v2\/posts\/50280","targetHints":{"allow":["GET"]}}],"collection":[{"href":"https:\/\/haberbesiktas.tr\/index.php?rest_route=\/wp\/v2\/posts"}],"about":[{"href":"https:\/\/haberbesiktas.tr\/index.php?rest_route=\/wp\/v2\/types\/post"}],"author":[{"embeddable":true,"href":"https:\/\/haberbesiktas.tr\/index.php?rest_route=\/wp\/v2\/users\/1"}],"replies":[{"embeddable":true,"href":"https:\/\/haberbesiktas.tr\/index.php?rest_route=%2Fwp%2Fv2%2Fcomments&post=50280"}],"version-history":[{"count":1,"href":"https:\/\/haberbesiktas.tr\/index.php?rest_route=\/wp\/v2\/posts\/50280\/revisions"}],"predecessor-version":[{"id":50283,"href":"https:\/\/haberbesiktas.tr\/index.php?rest_route=\/wp\/v2\/posts\/50280\/revisions\/50283"}],"wp:featuredmedia":[{"embeddable":true,"href":"https:\/\/haberbesiktas.tr\/index.php?rest_route=\/wp\/v2\/media\/50282"}],"wp:attachment":[{"href":"https:\/\/haberbesiktas.tr\/index.php?rest_route=%2Fwp%2Fv2%2Fmedia&parent=50280"}],"wp:term":[{"taxonomy":"category","embeddable":true,"href":"https:\/\/haberbesiktas.tr\/index.php?rest_route=%2Fwp%2Fv2%2Fcategories&post=50280"},{"taxonomy":"post_tag","embeddable":true,"href":"https:\/\/haberbesiktas.tr\/index.php?rest_route=%2Fwp%2Fv2%2Ftags&post=50280"}],"curies":[{"name":"wp","href":"https:\/\/api.w.org\/{rel}","templated":true}]}}