{"id":50284,"date":"2026-01-17T17:36:05","date_gmt":"2026-01-17T17:36:05","guid":{"rendered":"https:\/\/haberbesiktas.tr\/?p=50284"},"modified":"2026-01-17T17:36:05","modified_gmt":"2026-01-17T17:36:05","slug":"kayserispor-sam-mather-transferini-resmen-duyurdu","status":"publish","type":"post","link":"https:\/\/haberbesiktas.tr\/?p=50284","title":{"rendered":"Kayserispor, Sam Mather transferini resmen duyurdu"},"content":{"rendered":"<div>Trendyol S\u00fcper Lig tak\u0131mlar\u0131ndan Zecorner\u00a0Kayserispor, 21 ya\u015f\u0131ndaki \u0130ngiliz kanat oyuncusu Sam Mather&#8217;la 2,5 y\u0131ll\u0131k kontrat imzalad\u0131.<\/p>\n<p> Sar\u0131-k\u0131rm\u0131z\u0131l\u0131 kul\u00fcb\u00fcn toplumsal medya hesab\u0131ndan yap\u0131lan a\u00e7\u0131klamada, &#8220;Sam Mather ile kul\u00fcb\u00fcm\u00fcz ortas\u0131nda 2,5 y\u0131ll\u0131k mukavele imzalanm\u0131\u015ft\u0131r. Futbolcumuza ulu formam\u0131z alt\u0131nda muvaffakiyetler dileriz.&#8221; s\u00f6zlerine yer verildi.<\/p>\n<\/div>\n","protected":false},"excerpt":{"rendered":"<p>Kayserispor, Manchester United&#8217;\u0131n kanat oyuncusu Sam Mather&#8217;\u0131 tak\u0131m\u0131na katt\u0131\u011f\u0131n\u0131 a\u00e7\u0131klad\u0131.<\/p>\n","protected":false},"author":1,"featured_media":50285,"comment_status":"open","ping_status":"open","sticky":false,"template":"","format":"standard","meta":{"footnotes":""},"categories":[25],"tags":[],"class_list":["post-50284","post","type-post","status-publish","format-standard","has-post-thumbnail","hentry","category-futbol"],"_links":{"self":[{"href":"https:\/\/haberbesiktas.tr\/index.php?rest_route=\/wp\/v2\/posts\/50284","targetHints":{"allow":["GET"]}}],"collection":[{"href":"https:\/\/haberbesiktas.tr\/index.php?rest_route=\/wp\/v2\/posts"}],"about":[{"href":"https:\/\/haberbesiktas.tr\/index.php?rest_route=\/wp\/v2\/types\/post"}],"author":[{"embeddable":true,"href":"https:\/\/haberbesiktas.tr\/index.php?rest_route=\/wp\/v2\/users\/1"}],"replies":[{"embeddable":true,"href":"https:\/\/haberbesiktas.tr\/index.php?rest_route=%2Fwp%2Fv2%2Fcomments&post=50284"}],"version-history":[{"count":1,"href":"https:\/\/haberbesiktas.tr\/index.php?rest_route=\/wp\/v2\/posts\/50284\/revisions"}],"predecessor-version":[{"id":50286,"href":"https:\/\/haberbesiktas.tr\/index.php?rest_route=\/wp\/v2\/posts\/50284\/revisions\/50286"}],"wp:featuredmedia":[{"embeddable":true,"href":"https:\/\/haberbesiktas.tr\/index.php?rest_route=\/wp\/v2\/media\/50285"}],"wp:attachment":[{"href":"https:\/\/haberbesiktas.tr\/index.php?rest_route=%2Fwp%2Fv2%2Fmedia&parent=50284"}],"wp:term":[{"taxonomy":"category","embeddable":true,"href":"https:\/\/haberbesiktas.tr\/index.php?rest_route=%2Fwp%2Fv2%2Fcategories&post=50284"},{"taxonomy":"post_tag","embeddable":true,"href":"https:\/\/haberbesiktas.tr\/index.php?rest_route=%2Fwp%2Fv2%2Ftags&post=50284"}],"curies":[{"name":"wp","href":"https:\/\/api.w.org\/{rel}","templated":true}]}}