{"id":50287,"date":"2026-01-17T17:48:04","date_gmt":"2026-01-17T17:48:04","guid":{"rendered":"https:\/\/haberbesiktas.tr\/?p=50287"},"modified":"2026-01-17T17:48:04","modified_gmt":"2026-01-17T17:48:04","slug":"matias-kranevitter-galatasaray-macinda-yok","status":"publish","type":"post","link":"https:\/\/haberbesiktas.tr\/?p=50287","title":{"rendered":"Matias Kranevitter, Galatasaray ma\u00e7\u0131nda yok!"},"content":{"rendered":"<div>Fatih Karag\u00fcmr\u00fck formas\u0131 giyen Matias Kranevitter, Ba\u015fak\u015fehir ma\u00e7\u0131nda sar\u0131 kart g\u00f6rd\u00fc.<\/p>\n<p> 45. dakikada sar\u0131 kart g\u00f6ren Kranevitter, bu sar\u0131 kartla birlikte cezal\u0131 duruma d\u00fc\u015ft\u00fc.<\/p>\n<p> Fatih Karag\u00fcmr\u00fck, ligde gelecek hafta Galatasaray ile kar\u015f\u0131la\u015facak. Kranevitter, cezas\u0131 nedeniyle Galatasaray ma\u00e7\u0131nda forma giyemeyecek.<\/p>\n<\/div>\n","protected":false},"excerpt":{"rendered":"<p>Fatih Karag\u00fcmr\u00fck formas\u0131 giyen Matias Kranevitter, Ba\u015fak\u015fehir ma\u00e7\u0131nda cezal\u0131 duruma d\u00fc\u015ft\u00fc. Kranevitter, Galatasaray ma\u00e7\u0131nda forma giyemeyecek.<\/p>\n","protected":false},"author":1,"featured_media":50288,"comment_status":"open","ping_status":"open","sticky":false,"template":"","format":"standard","meta":{"footnotes":""},"categories":[25],"tags":[],"class_list":["post-50287","post","type-post","status-publish","format-standard","has-post-thumbnail","hentry","category-futbol"],"_links":{"self":[{"href":"https:\/\/haberbesiktas.tr\/index.php?rest_route=\/wp\/v2\/posts\/50287","targetHints":{"allow":["GET"]}}],"collection":[{"href":"https:\/\/haberbesiktas.tr\/index.php?rest_route=\/wp\/v2\/posts"}],"about":[{"href":"https:\/\/haberbesiktas.tr\/index.php?rest_route=\/wp\/v2\/types\/post"}],"author":[{"embeddable":true,"href":"https:\/\/haberbesiktas.tr\/index.php?rest_route=\/wp\/v2\/users\/1"}],"replies":[{"embeddable":true,"href":"https:\/\/haberbesiktas.tr\/index.php?rest_route=%2Fwp%2Fv2%2Fcomments&post=50287"}],"version-history":[{"count":1,"href":"https:\/\/haberbesiktas.tr\/index.php?rest_route=\/wp\/v2\/posts\/50287\/revisions"}],"predecessor-version":[{"id":50289,"href":"https:\/\/haberbesiktas.tr\/index.php?rest_route=\/wp\/v2\/posts\/50287\/revisions\/50289"}],"wp:featuredmedia":[{"embeddable":true,"href":"https:\/\/haberbesiktas.tr\/index.php?rest_route=\/wp\/v2\/media\/50288"}],"wp:attachment":[{"href":"https:\/\/haberbesiktas.tr\/index.php?rest_route=%2Fwp%2Fv2%2Fmedia&parent=50287"}],"wp:term":[{"taxonomy":"category","embeddable":true,"href":"https:\/\/haberbesiktas.tr\/index.php?rest_route=%2Fwp%2Fv2%2Fcategories&post=50287"},{"taxonomy":"post_tag","embeddable":true,"href":"https:\/\/haberbesiktas.tr\/index.php?rest_route=%2Fwp%2Fv2%2Ftags&post=50287"}],"curies":[{"name":"wp","href":"https:\/\/api.w.org\/{rel}","templated":true}]}}