{"id":50293,"date":"2026-01-17T18:12:08","date_gmt":"2026-01-17T18:12:08","guid":{"rendered":"https:\/\/haberbesiktas.tr\/?p=50293"},"modified":"2026-01-17T18:12:08","modified_gmt":"2026-01-17T18:12:08","slug":"goztepeye-yeni-golcu-transferi","status":"publish","type":"post","link":"https:\/\/haberbesiktas.tr\/?p=50293","title":{"rendered":"G\u00f6ztepe&#8217;ye yeni golc\u00fc transferi!"},"content":{"rendered":"<div>Trendyol S\u00fcper Lig gruplar\u0131ndan G\u00f6ztepe, atak oyuncusu Jeferson Marinho dos Santos&#8217;u tak\u0131m\u0131na katt\u0131\u011f\u0131n\u0131 bildirdi.<\/p>\n<p> Kul\u00fcb\u00fcn a\u00e7\u0131klamas\u0131nda, &#8220;1999 do\u011fumlu atak oyuncusu Jeferson Marinho dos Santos ile 2,5+1 y\u0131l kul\u00fcp opsiyonu i\u00e7eren kontrat imzalad\u0131k. Ailemize g\u00fczel geldin Jeh. Ulu kul\u00fcb\u00fcm\u00fczle birlikte ba\u015far\u0131larla dolu ve unutulmaz bir seyahat diliyoruz.&#8221; denildi.<\/p>\n<p> G\u00f6ztepe&#8217;nin sportif y\u00f6neticisi Ivan Mance, yaz\u0131l\u0131 de\u011ferlendirmesinde &#8220;Yeni bir oyun stiline ve burada T\u00fcrkiye&#8217;deki yeni ya\u015fama, ahenk sa\u011flamas\u0131 i\u00e7in biraz vakte gereksinimi olabilir. Lakin bize eksik olan birtak\u0131m fizik\u00ee \u00f6zellikleri kazand\u0131raca\u011f\u0131na inan\u0131yoruz. Onu transfer etme karar\u0131m\u0131z\u0131n nedeni de bu.&#8221; s\u00f6zlerini kulland\u0131. <\/p>\n<\/div>\n","protected":false},"excerpt":{"rendered":"<p>S\u00fcper Lig gruplar\u0131ndan G\u00f6ztepe, tak\u0131m\u0131n\u0131 g\u00fc\u00e7lendirmeye devam ediyor. \u0130zmir tak\u0131m\u0131, Santos&#8217;u transfer etti\u011fini duyurdu.<\/p>\n","protected":false},"author":1,"featured_media":50294,"comment_status":"open","ping_status":"open","sticky":false,"template":"","format":"standard","meta":{"footnotes":""},"categories":[25],"tags":[],"class_list":["post-50293","post","type-post","status-publish","format-standard","has-post-thumbnail","hentry","category-futbol"],"_links":{"self":[{"href":"https:\/\/haberbesiktas.tr\/index.php?rest_route=\/wp\/v2\/posts\/50293","targetHints":{"allow":["GET"]}}],"collection":[{"href":"https:\/\/haberbesiktas.tr\/index.php?rest_route=\/wp\/v2\/posts"}],"about":[{"href":"https:\/\/haberbesiktas.tr\/index.php?rest_route=\/wp\/v2\/types\/post"}],"author":[{"embeddable":true,"href":"https:\/\/haberbesiktas.tr\/index.php?rest_route=\/wp\/v2\/users\/1"}],"replies":[{"embeddable":true,"href":"https:\/\/haberbesiktas.tr\/index.php?rest_route=%2Fwp%2Fv2%2Fcomments&post=50293"}],"version-history":[{"count":1,"href":"https:\/\/haberbesiktas.tr\/index.php?rest_route=\/wp\/v2\/posts\/50293\/revisions"}],"predecessor-version":[{"id":50295,"href":"https:\/\/haberbesiktas.tr\/index.php?rest_route=\/wp\/v2\/posts\/50293\/revisions\/50295"}],"wp:featuredmedia":[{"embeddable":true,"href":"https:\/\/haberbesiktas.tr\/index.php?rest_route=\/wp\/v2\/media\/50294"}],"wp:attachment":[{"href":"https:\/\/haberbesiktas.tr\/index.php?rest_route=%2Fwp%2Fv2%2Fmedia&parent=50293"}],"wp:term":[{"taxonomy":"category","embeddable":true,"href":"https:\/\/haberbesiktas.tr\/index.php?rest_route=%2Fwp%2Fv2%2Fcategories&post=50293"},{"taxonomy":"post_tag","embeddable":true,"href":"https:\/\/haberbesiktas.tr\/index.php?rest_route=%2Fwp%2Fv2%2Ftags&post=50293"}],"curies":[{"name":"wp","href":"https:\/\/api.w.org\/{rel}","templated":true}]}}