{"id":50390,"date":"2026-01-18T00:00:05","date_gmt":"2026-01-18T00:00:05","guid":{"rendered":"https:\/\/haberbesiktas.tr\/?p=50390"},"modified":"2026-01-18T00:00:05","modified_gmt":"2026-01-18T00:00:05","slug":"maxim-harika-mucadele-gosterdik","status":"publish","type":"post","link":"https:\/\/haberbesiktas.tr\/?p=50390","title":{"rendered":"Maxim: &#8220;Harika m\u00fccadele g\u00f6sterdik&#8221;"},"content":{"rendered":"<div>Gaziantep FK formas\u0131 giyen Alexandru Maxim, Galatasaray ma\u00e7\u0131n\u0131n akabinde a\u00e7\u0131klamalarda bulundu.<\/p>\n<p> <strong>Maxim&#8217;in Galatasaray ma\u00e7\u0131 sonras\u0131 g\u00f6r\u00fc\u015fleri \u015fu bi\u00e7imde:<\/strong><\/p>\n<p> &#8220;Tak\u0131m arkada\u015flar\u0131mla konu\u015ftum; bu ak\u015fam\u0131n keyfini \u00e7\u0131karal\u0131m dedim. Ola\u011fan\u00fcst\u00fc \u00e7aba g\u00f6sterdik. Kaliteli ayaklar\u0131m\u0131z eksikti, ortam\u0131zda de\u011fildi. Gruptaki herkes haz\u0131r, bunu g\u00f6sterdik. Bunu idmanlarda da g\u00f6steriyoruz. Ho\u015f bir ak\u015fam oldu bizim i\u00e7in. S\u0131k\u0131nt\u0131 bir deplasmand\u0131. 4 g\u00fcn evvel 10 ki\u015fi oynad\u0131k kupada. 3 puan\u0131 da alabilirdik, beraberlikle ayr\u0131l\u0131yoruz. Ekip ruhunu alana yans\u0131tt\u0131k.&#8221;<\/p>\n<\/div>\n","protected":false},"excerpt":{"rendered":"<p>Gaziantep FK formas\u0131 giyen Alexandru Maxim, Galatasaray ma\u00e7\u0131n\u0131n akabinde konu\u015ftu.<\/p>\n","protected":false},"author":1,"featured_media":50391,"comment_status":"open","ping_status":"open","sticky":false,"template":"","format":"standard","meta":{"footnotes":""},"categories":[25],"tags":[],"class_list":["post-50390","post","type-post","status-publish","format-standard","has-post-thumbnail","hentry","category-futbol"],"_links":{"self":[{"href":"https:\/\/haberbesiktas.tr\/index.php?rest_route=\/wp\/v2\/posts\/50390","targetHints":{"allow":["GET"]}}],"collection":[{"href":"https:\/\/haberbesiktas.tr\/index.php?rest_route=\/wp\/v2\/posts"}],"about":[{"href":"https:\/\/haberbesiktas.tr\/index.php?rest_route=\/wp\/v2\/types\/post"}],"author":[{"embeddable":true,"href":"https:\/\/haberbesiktas.tr\/index.php?rest_route=\/wp\/v2\/users\/1"}],"replies":[{"embeddable":true,"href":"https:\/\/haberbesiktas.tr\/index.php?rest_route=%2Fwp%2Fv2%2Fcomments&post=50390"}],"version-history":[{"count":1,"href":"https:\/\/haberbesiktas.tr\/index.php?rest_route=\/wp\/v2\/posts\/50390\/revisions"}],"predecessor-version":[{"id":50392,"href":"https:\/\/haberbesiktas.tr\/index.php?rest_route=\/wp\/v2\/posts\/50390\/revisions\/50392"}],"wp:featuredmedia":[{"embeddable":true,"href":"https:\/\/haberbesiktas.tr\/index.php?rest_route=\/wp\/v2\/media\/50391"}],"wp:attachment":[{"href":"https:\/\/haberbesiktas.tr\/index.php?rest_route=%2Fwp%2Fv2%2Fmedia&parent=50390"}],"wp:term":[{"taxonomy":"category","embeddable":true,"href":"https:\/\/haberbesiktas.tr\/index.php?rest_route=%2Fwp%2Fv2%2Fcategories&post=50390"},{"taxonomy":"post_tag","embeddable":true,"href":"https:\/\/haberbesiktas.tr\/index.php?rest_route=%2Fwp%2Fv2%2Ftags&post=50390"}],"curies":[{"name":"wp","href":"https:\/\/api.w.org\/{rel}","templated":true}]}}