{"id":50462,"date":"2026-01-18T04:24:03","date_gmt":"2026-01-18T04:24:03","guid":{"rendered":"https:\/\/haberbesiktas.tr\/?p=50462"},"modified":"2026-01-18T04:24:03","modified_gmt":"2026-01-18T04:24:03","slug":"muglada-5-4-buyuklugunde-deprem-son-depremler","status":"publish","type":"post","link":"https:\/\/haberbesiktas.tr\/?p=50462","title":{"rendered":"Mu\u011fla&#8217;da 5.4 b\u00fcy\u00fckl\u00fc\u011f\u00fcnde deprem! Son depremler\u2026"},"content":{"rendered":"<p>AFAD bilgilerine nazaran saat 15:37&#8217;de Mu\u011fla Seydikemer&#8217;de 5.4 b\u00fcy\u00fckl\u00fc\u011f\u00fcnde sars\u0131nt\u0131 ya\u015fand\u0131.\u00a0Bo\u011fazi\u00e7i \u00dcniversitesi\u00a0Kandilli Rasathanesi\u00a0ve Sars\u0131nt\u0131 Ara\u015ft\u0131rma Enstit\u00fcs\u00fc ise sars\u0131nt\u0131n\u0131n b\u00fcy\u00fckl\u00fc\u011f\u00fcn\u00fc 5.7 olarak a\u00e7\u0131klad\u0131.<br \/> <span>SON DEPREMLER<\/span><\/p>\n<p> Ya\u015fanan sars\u0131nt\u0131lar\u0131n saatini ve b\u00fcy\u00fckl\u00fc\u011f\u00fcn\u00fc anl\u0131k olarak takip etmek m\u00fcmk\u00fcn. Bo\u011fazi\u00e7i \u00dcniversitesi Kandilli Rasathanesi ve Sars\u0131nt\u0131 Ara\u015ft\u0131rma Enstit\u00fcs\u00fc B\u00f6lgesel Deprem- Tsunami \u0130zleme ve K\u0131ymetlendirme Merkezi(BDT\u0130M) taraf\u0131ndan kaydedilen sars\u0131nt\u0131lara a\u015fa\u011f\u0131daki linkten ula\u015fabilirsiniz.<\/p>\n<p> <span>DAK\u0130KA DAK\u0130KA SON SARSINTILAR \u0130\u00c7\u0130N TIKLAYINIZ<\/span><\/p>\n<p> <span>AFAD SON DEPREMLER<\/span><\/p>\n","protected":false},"excerpt":{"rendered":"<p>Mu\u011fla&#8217;da 5.4 b\u00fcy\u00fckl\u00fc\u011f\u00fcnde zelzele meydana geldi. AFAD bilgilerine nazaran derinli\u011fi 41 kilometre olarak belirlendi. Sars\u0131nt\u0131 Mu\u011fla&#8217;n\u0131n yan\u0131 s\u0131ra Ayd\u0131n ve Antalya etraf\u0131nda de hissedildi.<\/p>\n","protected":false},"author":1,"featured_media":50463,"comment_status":"open","ping_status":"open","sticky":false,"template":"","format":"standard","meta":{"footnotes":""},"categories":[27],"tags":[576,589],"class_list":["post-50462","post","type-post","status-publish","format-standard","has-post-thumbnail","hentry","category-guncel-haberler","tag-deprem","tag-depremler"],"_links":{"self":[{"href":"https:\/\/haberbesiktas.tr\/index.php?rest_route=\/wp\/v2\/posts\/50462","targetHints":{"allow":["GET"]}}],"collection":[{"href":"https:\/\/haberbesiktas.tr\/index.php?rest_route=\/wp\/v2\/posts"}],"about":[{"href":"https:\/\/haberbesiktas.tr\/index.php?rest_route=\/wp\/v2\/types\/post"}],"author":[{"embeddable":true,"href":"https:\/\/haberbesiktas.tr\/index.php?rest_route=\/wp\/v2\/users\/1"}],"replies":[{"embeddable":true,"href":"https:\/\/haberbesiktas.tr\/index.php?rest_route=%2Fwp%2Fv2%2Fcomments&post=50462"}],"version-history":[{"count":1,"href":"https:\/\/haberbesiktas.tr\/index.php?rest_route=\/wp\/v2\/posts\/50462\/revisions"}],"predecessor-version":[{"id":50464,"href":"https:\/\/haberbesiktas.tr\/index.php?rest_route=\/wp\/v2\/posts\/50462\/revisions\/50464"}],"wp:featuredmedia":[{"embeddable":true,"href":"https:\/\/haberbesiktas.tr\/index.php?rest_route=\/wp\/v2\/media\/50463"}],"wp:attachment":[{"href":"https:\/\/haberbesiktas.tr\/index.php?rest_route=%2Fwp%2Fv2%2Fmedia&parent=50462"}],"wp:term":[{"taxonomy":"category","embeddable":true,"href":"https:\/\/haberbesiktas.tr\/index.php?rest_route=%2Fwp%2Fv2%2Fcategories&post=50462"},{"taxonomy":"post_tag","embeddable":true,"href":"https:\/\/haberbesiktas.tr\/index.php?rest_route=%2Fwp%2Fv2%2Ftags&post=50462"}],"curies":[{"name":"wp","href":"https:\/\/api.w.org\/{rel}","templated":true}]}}