{"id":50465,"date":"2026-01-18T06:36:03","date_gmt":"2026-01-18T06:36:03","guid":{"rendered":"https:\/\/haberbesiktas.tr\/?p=50465"},"modified":"2026-01-18T06:36:03","modified_gmt":"2026-01-18T06:36:03","slug":"arthur-zicodan-fenerbahceye-mesaj-talisca-ve-ederson-vurgusu","status":"publish","type":"post","link":"https:\/\/haberbesiktas.tr\/?p=50465","title":{"rendered":"Arthur Zico&#8217;dan Fenerbah\u00e7e&#8217;ye mesaj! Talisca ve Ederson vurgusu"},"content":{"rendered":"<div>\n<p>Fenerbah\u00e7e&#8217;nin efsane teknik y\u00f6neticilerinden Arthur Zico, Sabah Spor&#8217;a \u00f6zel a\u00e7\u0131klamalarda bulundu.<\/p>\n<p> Sar\u0131-lacivertli kul\u00fcple bir S\u00fcper Lig ve bir T\u00fcrkiye \u00dcst\u00fcn Kupas\u0131 \u015fampiyonlu\u011fu ya\u015fayan Brezilyal\u0131 \u00e7al\u0131\u015ft\u0131r\u0131c\u0131, b\u00fcy\u00fck muvaffakiyetler kazand\u0131\u011f\u0131 eski kadrosunun son devirdeki y\u00fckseli\u015finden b\u00fcy\u00fck memnunluk duydu\u011funu s\u00f6z etti.<\/p>\n<p> <strong>&#8220;OLUMLU SONU\u00c7LAR B\u0130Z\u0130 HER VAK\u0130T SEV\u0130ND\u0130R\u0130R&#8221;<\/strong> <\/p>\n<p> Uzaklardan da olsa Fenerbah\u00e7e&#8217;yi takip etti\u011fini s\u00f6yleyen 72 ya\u015f\u0131ndaki hoca, <strong>&#8220;Olan biten her \u015fey beni sahiden \u00e7ok memnun ediyor. Fenerbah\u00e7e&#8217;nin \u00dcst\u00fcn Kupa&#8217;y\u0131 kazand\u0131\u011f\u0131n\u0131 g\u00f6rd\u00fcm. Olumlu sonu\u00e7lar bizi her vakit sevindirir.\u00a0Umar\u0131m Domenico Tedesco, \u015fimdiye kadar ortaya koydu\u011fu bu ba\u015far\u0131l\u0131 \u00e7al\u0131\u015fmay\u0131 s\u00fcrd\u00fcr\u00fcr ve Fenerbah\u00e7e&#8217;yi yeniden lig \u015fampiyonlu\u011fu yar\u0131\u015f\u0131n\u0131n g\u00fc\u00e7l\u00fc bir kesimi haline getirir&#8221;<\/strong> dedi.<\/p>\n<p> <strong>TALISCA VE EDERSON VURGUSU\u00a0<\/strong><\/p>\n<p> Deneyimli teknik adam, ekipteki Brezilyal\u0131 futbolculara da ba\u015fka bir parantez a\u00e7t\u0131 ve \u015funlar\u0131 s\u00f6yledi:<strong> &#8220;Anderson Talisca ve Ederson ismine da ayr\u0131yeten memnunum. \u0130kisi de \u00fcst seviye oyuncular. Fenerbah\u00e7e&#8217;nin bu muvaffakiyetleri elde etmesinde \u00e7ok b\u00fcy\u00fck katk\u0131lar\u0131 oldu\u011funa inan\u0131yorum.\u00a0 B\u00fcy\u00fck ma\u00e7lara al\u0131\u015fk\u0131n isimler. Umar\u0131m bu performanslar\u0131n\u0131 s\u00fcrd\u00fcr\u00fcrler ve bu kusursuz Fenerbah\u00e7e taraftar\u0131n\u0131 keyifli ederek kul\u00fcbe katk\u0131 sa\u011flamaya devam ederler.&#8221;<\/strong> s\u00f6zlerini kulland\u0131.<\/p>\n<p> Zico kelamlar\u0131n\u0131 uygun dileklerle tamamlad\u0131: <strong>&#8220;2026&#8217;n\u0131n sizin ve kurumunuz i\u00e7in kusursuz ge\u00e7mesini diliyorum. Bol s\u0131hhat, huzur ve benim Fenerbah\u00e7e&#8217;m i\u00e7in \u00e7ok daha fazla muvaffakiyet olsun.&#8221;<\/strong><\/p>\n<p> 72 ya\u015f\u0131ndaki teknik y\u00f6netici, 2006 ile 2008 y\u0131llar\u0131 ortas\u0131nda Fenerbah\u00e7e&#8217;de vazife alm\u0131\u015ft\u0131. Arthur Zico, Fenerbah\u00e7e&#8217;nin ba\u015f\u0131nda 107 ma\u00e7a \u00e7\u0131km\u0131\u015ft\u0131. Sar\u0131-lacivertliler, bu devirde 2.03 puan ortalamas\u0131 yakalam\u0131\u015ft\u0131.\u00a0<\/p>\n<p> Arthur Zico, Fenerbah\u00e7e&#8217;de vazife ald\u0131\u011f\u0131 periyotta 1 S\u00fcper Lig ve 1 T\u00fcrkiye Kupas\u0131 \u015fampiyonlu\u011fu ya\u015fad\u0131.<\/p>\n<\/div>\n","protected":false},"excerpt":{"rendered":"<p>Fenerbah\u00e7e&#8217;nin efsane teknik y\u00f6neticilerinden Arthur Zico, Sabah Spor&#8217;a \u00f6zel konu\u015ftu.<\/p>\n","protected":false},"author":1,"featured_media":50466,"comment_status":"open","ping_status":"open","sticky":false,"template":"","format":"standard","meta":{"footnotes":""},"categories":[25],"tags":[115],"class_list":["post-50465","post","type-post","status-publish","format-standard","has-post-thumbnail","hentry","category-futbol","tag-fenerbahce"],"_links":{"self":[{"href":"https:\/\/haberbesiktas.tr\/index.php?rest_route=\/wp\/v2\/posts\/50465","targetHints":{"allow":["GET"]}}],"collection":[{"href":"https:\/\/haberbesiktas.tr\/index.php?rest_route=\/wp\/v2\/posts"}],"about":[{"href":"https:\/\/haberbesiktas.tr\/index.php?rest_route=\/wp\/v2\/types\/post"}],"author":[{"embeddable":true,"href":"https:\/\/haberbesiktas.tr\/index.php?rest_route=\/wp\/v2\/users\/1"}],"replies":[{"embeddable":true,"href":"https:\/\/haberbesiktas.tr\/index.php?rest_route=%2Fwp%2Fv2%2Fcomments&post=50465"}],"version-history":[{"count":1,"href":"https:\/\/haberbesiktas.tr\/index.php?rest_route=\/wp\/v2\/posts\/50465\/revisions"}],"predecessor-version":[{"id":50467,"href":"https:\/\/haberbesiktas.tr\/index.php?rest_route=\/wp\/v2\/posts\/50465\/revisions\/50467"}],"wp:featuredmedia":[{"embeddable":true,"href":"https:\/\/haberbesiktas.tr\/index.php?rest_route=\/wp\/v2\/media\/50466"}],"wp:attachment":[{"href":"https:\/\/haberbesiktas.tr\/index.php?rest_route=%2Fwp%2Fv2%2Fmedia&parent=50465"}],"wp:term":[{"taxonomy":"category","embeddable":true,"href":"https:\/\/haberbesiktas.tr\/index.php?rest_route=%2Fwp%2Fv2%2Fcategories&post=50465"},{"taxonomy":"post_tag","embeddable":true,"href":"https:\/\/haberbesiktas.tr\/index.php?rest_route=%2Fwp%2Fv2%2Ftags&post=50465"}],"curies":[{"name":"wp","href":"https:\/\/api.w.org\/{rel}","templated":true}]}}