{"id":50496,"date":"2026-01-18T09:00:08","date_gmt":"2026-01-18T09:00:08","guid":{"rendered":"https:\/\/haberbesiktas.tr\/?p=50496"},"modified":"2026-01-18T09:00:08","modified_gmt":"2026-01-18T09:00:08","slug":"galatasarayda-tartisilan-isim-ilkay-gundogan","status":"publish","type":"post","link":"https:\/\/haberbesiktas.tr\/?p=50496","title":{"rendered":"Galatasaray&#8217;da tart\u0131\u015f\u0131lan isim: \u0130lkay G\u00fcndo\u011fan!"},"content":{"rendered":"<div>Galatasaray&#8217;\u0131n yaz transfer periyodunda tak\u0131m\u0131na katt\u0131\u011f\u0131 \u0130lkay G\u00fcndo\u011fan, son devirdeki d\u00fc\u015f\u00fck performans\u0131 ile dikkat \u00e7ekiyor.<\/p>\n<p><strong>ESK\u0130 OYUNUNDAN UZAK<\/strong><\/p>\n<p> 35 ya\u015f\u0131ndaki futbolcu, bilhassa i\u00e7 alanda Be\u015fikta\u015f ile oynanan derbi ma\u00e7\u0131 ve \u015eampiyonlar Ligi&#8217;ndeki Liverpool ma\u00e7\u0131ndaki oyunuyla dikkat \u00e7ekmi\u015f ve b\u00fcy\u00fck alk\u0131\u015f alm\u0131\u015ft\u0131.<\/p>\n<p> Ekim ay\u0131nda sakatl\u0131k ya\u015fayan ve yakla\u015f\u0131k bir ay alanlardan uzak kalan \u0130lkay G\u00fcndo\u011fan, alanlara geri d\u00f6n\u00fc\u015f\u00fcnde ise eski performans\u0131ndan uzak kald\u0131. <\/p>\n<p> \u0130dareye reaksiyonlu olan Galatasarayl\u0131 taraftarlar, Gaziantep FK ile oynanan ma\u00e7ta oyundan \u00e7\u0131kt\u0131\u011f\u0131 s\u0131rada \u0130lkay&#8217;a da reaksiyon g\u00f6sterdi.<\/p>\n<p><strong>MA\u00c7 SONU A\u00c7IKLAMALARI<\/strong><\/p>\n<p> 35 ya\u015f\u0131ndaki tecr\u00fcbeli futbolcu, ma\u00e7\u0131n akabinde,<strong> &#8220;Skor bizim i\u00e7in \u00fcz\u00fcc\u00fc\u2026 Beklentimiz farkl\u0131yd\u0131. Bu kul\u00fcb\u00fcn, bu toplulu\u011fun, bu taraftar\u0131n beklentileri var. Bizim beklentilerimiz de var; \u015fampiyonluklar kazanmak ve g\u00fczel futbol oynamak. Bu sorumlulu\u011fu herkes almal\u0131. Deneyimli ve \u00f6nderlerden biri olarak birinci evvel ben anlamal\u0131y\u0131m&#8221;<\/strong> s\u00f6zlerini kulland\u0131.<\/p>\n<p> Grubun daha fazla \u00e7al\u0131\u015fmas\u0131 gerekti\u011fini vurgulayan y\u0131ld\u0131z futbolcu, &#8220;<strong>Her g\u00fcn daha d\u00fczg\u00fcn olmak i\u00e7in \u00e7al\u0131\u015fmam\u0131z gerekiyor. Bu t\u00fcrl\u00fc bir skor hepimizi \u00fcz\u00fcyor. Taraftar\u0131n reaksiyonu de manal\u0131 ve ola\u011fan. Tek tahlil daha d\u00fczg\u00fcn olmak, daha yeterli \u00e7al\u0131\u015fmak ve bunun \u00fczerine koymak. Seviyeyi \u00fcst \u00e7ekersek daha uygun oluruz&#8221;<\/strong> dedi.<\/p>\n<p> 35 ya\u015f\u0131ndaki isim,<strong> &#8220;Bu d\u00fczeyde futbol oynuyorsan, her 3-4 g\u00fcnde bir ma\u00e7 oynamaya fizik\u00ee ve mental olarak haz\u0131r olman gerekir. Devas\u0131 yok. Haftada bir ma\u00e7 ya da \u00fc\u00e7 ma\u00e7 fark etmez. Hepimiz profesyoneliz, \u00f6zr\u00fc yok. Nas\u0131l kazan\u0131ld\u0131\u011f\u0131n\u0131 biliyoruz ve bunu kendimize, kadro arkada\u015flar\u0131m\u0131za ve kul\u00fcb\u00fcm\u00fcze ispatlamal\u0131y\u0131z.&#8221;<\/strong> kelamlar\u0131n\u0131 sarf etti.<\/p>\n<p><strong>GALATASARAY PERFORMANSI<\/strong><\/p>\n<p> Galatasaray formas\u0131 alt\u0131nda bu d\u00f6nem 18 ma\u00e7ta m\u00fcddet bulan \u0130lkay G\u00fcndo\u011fan, 2 gol att\u0131 ve 1 asist yapt\u0131.<\/p>\n<\/div>\n","protected":false},"excerpt":{"rendered":"<p>Galatasaray formas\u0131 giyen \u0130lkay G\u00fcndo\u011fan, son devirde d\u00fc\u015f\u00fc\u015fe ge\u00e7ti. 35 ya\u015f\u0131ndaki futbolcu, Galatasaray mesle\u011fine uygun ba\u015flad\u0131 fakat ya\u015fad\u0131\u011f\u0131 sakatl\u0131ktan sonra d\u00fc\u015f\u00fc\u015f ya\u015fad\u0131.<\/p>\n","protected":false},"author":1,"featured_media":50497,"comment_status":"open","ping_status":"open","sticky":false,"template":"","format":"standard","meta":{"footnotes":""},"categories":[25],"tags":[172,107,50],"class_list":["post-50496","post","type-post","status-publish","format-standard","has-post-thumbnail","hentry","category-futbol","tag-futbol","tag-gun","tag-mac"],"_links":{"self":[{"href":"https:\/\/haberbesiktas.tr\/index.php?rest_route=\/wp\/v2\/posts\/50496","targetHints":{"allow":["GET"]}}],"collection":[{"href":"https:\/\/haberbesiktas.tr\/index.php?rest_route=\/wp\/v2\/posts"}],"about":[{"href":"https:\/\/haberbesiktas.tr\/index.php?rest_route=\/wp\/v2\/types\/post"}],"author":[{"embeddable":true,"href":"https:\/\/haberbesiktas.tr\/index.php?rest_route=\/wp\/v2\/users\/1"}],"replies":[{"embeddable":true,"href":"https:\/\/haberbesiktas.tr\/index.php?rest_route=%2Fwp%2Fv2%2Fcomments&post=50496"}],"version-history":[{"count":1,"href":"https:\/\/haberbesiktas.tr\/index.php?rest_route=\/wp\/v2\/posts\/50496\/revisions"}],"predecessor-version":[{"id":50498,"href":"https:\/\/haberbesiktas.tr\/index.php?rest_route=\/wp\/v2\/posts\/50496\/revisions\/50498"}],"wp:featuredmedia":[{"embeddable":true,"href":"https:\/\/haberbesiktas.tr\/index.php?rest_route=\/wp\/v2\/media\/50497"}],"wp:attachment":[{"href":"https:\/\/haberbesiktas.tr\/index.php?rest_route=%2Fwp%2Fv2%2Fmedia&parent=50496"}],"wp:term":[{"taxonomy":"category","embeddable":true,"href":"https:\/\/haberbesiktas.tr\/index.php?rest_route=%2Fwp%2Fv2%2Fcategories&post=50496"},{"taxonomy":"post_tag","embeddable":true,"href":"https:\/\/haberbesiktas.tr\/index.php?rest_route=%2Fwp%2Fv2%2Ftags&post=50496"}],"curies":[{"name":"wp","href":"https:\/\/api.w.org\/{rel}","templated":true}]}}