{"id":50523,"date":"2026-01-18T10:48:04","date_gmt":"2026-01-18T10:48:04","guid":{"rendered":"https:\/\/haberbesiktas.tr\/?p=50523"},"modified":"2026-01-18T10:48:04","modified_gmt":"2026-01-18T10:48:04","slug":"besiktasta-jorgensen-transferinde-karagumruk-faktoru","status":"publish","type":"post","link":"https:\/\/haberbesiktas.tr\/?p=50523","title":{"rendered":"Be\u015fikta\u015f&#8217;ta J\u00f6rgensen transferinde Karag\u00fcmr\u00fck fakt\u00f6r\u00fc"},"content":{"rendered":"<div>\n<p>Be\u015fikta\u015f&#8217;ta kaleci transferinin mukadderat\u0131, Datro Fofana&#8217;ya ba\u011fl\u0131 g\u00f6r\u00fcn\u00fcyor. Siyah-beyazl\u0131lar\u0131n g\u00fcndeminde yer alan Filip J\u00f6rgensen transferiyle ilgili s\u00fcre\u00e7te kritik bir e\u015fik bulunuyor.<\/p>\n<p> Be\u015fikta\u015f Ba\u015fkan\u0131 Serdal Adal\u0131, daha evvel yapt\u0131\u011f\u0131 a\u00e7\u0131klamada Danimarkal\u0131 kaleci Filip J\u00f6rgensen&#8217;in Be\u015fikta\u015f&#8217;a gelmek istedi\u011fini belirtmi\u015f ve s\u00fcrecin Chelsea&#8217;nin kiralama limitine tak\u0131ld\u0131\u011f\u0131n\u0131 s\u00f6z etmi\u015fti. \u0130ngiliz kul\u00fcb\u00fcn\u00fcn yurt d\u0131\u015f\u0131na kiralad\u0131\u011f\u0131 oyuncu say\u0131s\u0131 nedeniyle J\u00f6rgensen&#8217;in transferinin ger\u00e7ekle\u015febilmesi i\u00e7in, bu futbolculardan en az birinin bonservisiyle sat\u0131lmas\u0131 ya da geri \u00e7a\u011fr\u0131lmas\u0131 gerekiyor.<\/p>\n<p> <strong>BE\u015e\u0130KTA\u015e&#8217;TA G\u00d6ZLER FAT\u0130H KARAG\u00dcMR\u00dcK&#8217;TE<\/strong> <\/p>\n<p> Bu noktada kilit isim olarak Fatih Karag\u00fcmr\u00fck&#8217;te kiral\u0131k forma giyen Datro Fofana \u00f6ne \u00e7\u0131k\u0131yor. Karag\u00fcmr\u00fck Ba\u015fkan\u0131 S\u00fcleyman Hurma&#8217;n\u0131n, 23 ya\u015f\u0131ndaki Fildi\u015fi K\u0131y\u0131l\u0131 futbolcunun bonservisini almas\u0131 halinde Chelsea&#8217;nin kiralama limitinde yer a\u00e7\u0131laca\u011f\u0131 belirtiliyor.<\/p>\n<p> Kelam konusu senaryonun ger\u00e7ekle\u015fmesi durumunda, Filip J\u00f6rgensen&#8217;in Be\u015fikta\u015f&#8217;a transferinin \u00f6n\u00fcnde rastgele bir mahzur kalmayaca\u011f\u0131 s\u00f6z ediliyor. Siyah-beyazl\u0131 idare, s\u00fcreci yak\u0131ndan takip ederken g\u00f6zler Datro Fofana ile ilgili verilecek karara \u00e7evrilmi\u015f durumda.<\/p>\n<\/div>\n","protected":false},"excerpt":{"rendered":"<p>Be\u015fikta\u015f&#8217;ta Filip J\u00f6rgensen transferinin ger\u00e7ekle\u015fmesi, Chelsea&#8217;nin kiral\u0131k kontenjan\u0131n\u0131 a\u00e7mas\u0131 i\u00e7in Datro Fofana&#8217;n\u0131n bonservisiyle sat\u0131lmas\u0131na ba\u011fl\u0131.<\/p>\n","protected":false},"author":1,"featured_media":50524,"comment_status":"open","ping_status":"open","sticky":false,"template":"","format":"standard","meta":{"footnotes":""},"categories":[25],"tags":[71],"class_list":["post-50523","post","type-post","status-publish","format-standard","has-post-thumbnail","hentry","category-futbol","tag-besiktas"],"_links":{"self":[{"href":"https:\/\/haberbesiktas.tr\/index.php?rest_route=\/wp\/v2\/posts\/50523","targetHints":{"allow":["GET"]}}],"collection":[{"href":"https:\/\/haberbesiktas.tr\/index.php?rest_route=\/wp\/v2\/posts"}],"about":[{"href":"https:\/\/haberbesiktas.tr\/index.php?rest_route=\/wp\/v2\/types\/post"}],"author":[{"embeddable":true,"href":"https:\/\/haberbesiktas.tr\/index.php?rest_route=\/wp\/v2\/users\/1"}],"replies":[{"embeddable":true,"href":"https:\/\/haberbesiktas.tr\/index.php?rest_route=%2Fwp%2Fv2%2Fcomments&post=50523"}],"version-history":[{"count":1,"href":"https:\/\/haberbesiktas.tr\/index.php?rest_route=\/wp\/v2\/posts\/50523\/revisions"}],"predecessor-version":[{"id":50525,"href":"https:\/\/haberbesiktas.tr\/index.php?rest_route=\/wp\/v2\/posts\/50523\/revisions\/50525"}],"wp:featuredmedia":[{"embeddable":true,"href":"https:\/\/haberbesiktas.tr\/index.php?rest_route=\/wp\/v2\/media\/50524"}],"wp:attachment":[{"href":"https:\/\/haberbesiktas.tr\/index.php?rest_route=%2Fwp%2Fv2%2Fmedia&parent=50523"}],"wp:term":[{"taxonomy":"category","embeddable":true,"href":"https:\/\/haberbesiktas.tr\/index.php?rest_route=%2Fwp%2Fv2%2Fcategories&post=50523"},{"taxonomy":"post_tag","embeddable":true,"href":"https:\/\/haberbesiktas.tr\/index.php?rest_route=%2Fwp%2Fv2%2Ftags&post=50523"}],"curies":[{"name":"wp","href":"https:\/\/api.w.org\/{rel}","templated":true}]}}