{"id":50529,"date":"2026-01-18T11:12:05","date_gmt":"2026-01-18T11:12:05","guid":{"rendered":"https:\/\/haberbesiktas.tr\/?p=50529"},"modified":"2026-01-18T11:12:05","modified_gmt":"2026-01-18T11:12:05","slug":"goztepe-ikinci-yariya-sahasinda-baslayacak","status":"publish","type":"post","link":"https:\/\/haberbesiktas.tr\/?p=50529","title":{"rendered":"G\u00f6ztepe ikinci yar\u0131ya sahas\u0131nda ba\u015flayacak"},"content":{"rendered":"<div>Trendyol S\u00fcper Lig&#8217;de Avrupa kupalar\u0131na kat\u0131lmay\u0131 hedefleyen G\u00f6ztepe, 2025-2026 d\u00f6nemin ikinci yar\u0131s\u0131na konutunda \u00c7aykur Rizespor ma\u00e7\u0131yla ba\u015flayacak.<\/p>\n<p> Isonem Park G\u00fcrsel Aksel Stad\u0131&#8217;nda Ali \u015eansalan&#8217;\u0131n y\u00f6netece\u011fi m\u00fcsabaka saat 20.00&#8217;de ba\u015flayacak. Sar\u0131-k\u0131rm\u0131z\u0131l\u0131larda sakatl\u0131\u011f\u0131 bulunan yeni transfer Alexis Antunes kar\u015f\u0131la\u015fmada forma giyemeyecek. G\u00f6z-G\u00f6z&#8217;\u00fcn devre ortas\u0131nda tak\u0131m\u0131na dahil etti\u011fi kaleci \u015eamil \u00d6zt\u00fcrk, Brazilyal\u0131 golc\u00fcler Luiz ve Janderson, misyon verilmesi halinde birinci kere resmi bir ma\u00e7ta sar\u0131-k\u0131rm\u0131z\u0131l\u0131 formay\u0131 terletecek.<\/p>\n<p> Ma\u00e7\u0131n bilet fiyatlar\u0131 1&#8217;inci kategori 5 bin 750, 2&#8217;nci kategori 4 bin 750, 3&#8217;\u00fcnc\u00fc kategori 2 bin 300, 4&#8217;\u00fcnc\u00fc kategori bin 600, 5&#8217;inci ve 6&#8217;nc\u0131 kategori 690, konuk trib\u00fcn\u00fc ise 890 TL olarak belirlendi. D\u00f6nemin birinci yar\u0131s\u0131nda 17 ma\u00e7ta 9 galibiyet, 5 beraberlik ve 3 hezimet alan G\u00f6ztepe 32 puan toplay\u0131p yeni y\u0131la 4&#8217;\u00fcnc\u00fc s\u0131rada girdi. \u00c7aykur Rizespor ise 17 kar\u015f\u0131la\u015fmada 4 galibiyet, 6 beraberlik ve 7 ma\u011flubiyetle 1 puan\u0131 hanesine yazd\u0131rd\u0131. D\u00f6nemin birinci ma\u00e7\u0131nda G\u00f6ztepe deplasmanda \u00c7aykur Rizespor7u 3-0 ma\u011flup etmi\u015fti. <\/p>\n<\/div>\n","protected":false},"excerpt":{"rendered":"<p>G\u00f6ztepe, 2025-2026 d\u00f6nemin ikinci yar\u0131s\u0131na konutunda \u00c7aykur Rizespor ma\u00e7\u0131yla ba\u015flayacak.<\/p>\n","protected":false},"author":1,"featured_media":50530,"comment_status":"open","ping_status":"open","sticky":false,"template":"","format":"standard","meta":{"footnotes":""},"categories":[25],"tags":[602],"class_list":["post-50529","post","type-post","status-publish","format-standard","has-post-thumbnail","hentry","category-futbol","tag-kategori"],"_links":{"self":[{"href":"https:\/\/haberbesiktas.tr\/index.php?rest_route=\/wp\/v2\/posts\/50529","targetHints":{"allow":["GET"]}}],"collection":[{"href":"https:\/\/haberbesiktas.tr\/index.php?rest_route=\/wp\/v2\/posts"}],"about":[{"href":"https:\/\/haberbesiktas.tr\/index.php?rest_route=\/wp\/v2\/types\/post"}],"author":[{"embeddable":true,"href":"https:\/\/haberbesiktas.tr\/index.php?rest_route=\/wp\/v2\/users\/1"}],"replies":[{"embeddable":true,"href":"https:\/\/haberbesiktas.tr\/index.php?rest_route=%2Fwp%2Fv2%2Fcomments&post=50529"}],"version-history":[{"count":1,"href":"https:\/\/haberbesiktas.tr\/index.php?rest_route=\/wp\/v2\/posts\/50529\/revisions"}],"predecessor-version":[{"id":50531,"href":"https:\/\/haberbesiktas.tr\/index.php?rest_route=\/wp\/v2\/posts\/50529\/revisions\/50531"}],"wp:featuredmedia":[{"embeddable":true,"href":"https:\/\/haberbesiktas.tr\/index.php?rest_route=\/wp\/v2\/media\/50530"}],"wp:attachment":[{"href":"https:\/\/haberbesiktas.tr\/index.php?rest_route=%2Fwp%2Fv2%2Fmedia&parent=50529"}],"wp:term":[{"taxonomy":"category","embeddable":true,"href":"https:\/\/haberbesiktas.tr\/index.php?rest_route=%2Fwp%2Fv2%2Fcategories&post=50529"},{"taxonomy":"post_tag","embeddable":true,"href":"https:\/\/haberbesiktas.tr\/index.php?rest_route=%2Fwp%2Fv2%2Ftags&post=50529"}],"curies":[{"name":"wp","href":"https:\/\/api.w.org\/{rel}","templated":true}]}}