{"id":5066,"date":"2025-01-20T20:35:58","date_gmt":"2025-01-20T20:35:58","guid":{"rendered":"https:\/\/haberbesiktas.tr\/?p=5066"},"modified":"2025-01-20T20:35:58","modified_gmt":"2025-01-20T20:35:58","slug":"acun-ilicalidan-sampiyonluk-ve-hakem-sorusuna-yanit","status":"publish","type":"post","link":"https:\/\/haberbesiktas.tr\/?p=5066","title":{"rendered":"Acun Il\u0131cal\u0131&#8217;dan \u015fampiyonluk ve hakem sorusuna yan\u0131t"},"content":{"rendered":"<div>Fenerbah\u00e7e Asba\u015fkan\u0131 Acun Il\u0131cal\u0131, Konyaspor m\u00fcsabakas\u0131n\u0131n akabinde a\u00e7\u0131klamalarda bulundu.<\/p>\n<p> \u015eampiyonluk \u00e7abas\u0131yla ilgili Beyaz TV&#8217;ye konu\u015fan Acun Il\u0131cal\u0131 &#8220;<strong>Her zamanki \u00fczere iddial\u0131y\u0131z. Sonuna kadar devam edece\u011fiz tezimizde. \u00c7ok hafta, \u00e7ok ma\u00e7 var. Her \u015fey bir anda de\u011fi\u015febilir. Sonuna kadar kovalayaca\u011f\u0131z.<\/strong>&#8221; dedi.<\/p>\n<p> <strong>HAKEM KARARLARI \u0130\u00c7\u0130N CEVAP<\/strong><\/p>\n<p> &#8220;Hakemlik bir \u015fey var m\u0131?&#8221; sorusunu yan\u0131tlayan Acun Il\u0131cal\u0131 &#8220;<strong>Pozisyonlara bakal\u0131m, g\u00f6relim. Genelde inceleyip konu\u015fuyoruz.<\/strong>&#8221; s\u00f6zlerini kulland\u0131.<\/p>\n<\/div>\n","protected":false},"excerpt":{"rendered":"<p>Fenerbah\u00e7e Asba\u015fkan\u0131 Acun Il\u0131cal\u0131, Konyaspor ma\u00e7\u0131 sonras\u0131 konu\u015ftu. \u0130\u015fte detaylar&#8230;<\/p>\n","protected":false},"author":1,"featured_media":5067,"comment_status":"open","ping_status":"open","sticky":false,"template":"","format":"standard","meta":{"footnotes":""},"categories":[25],"tags":[],"class_list":["post-5066","post","type-post","status-publish","format-standard","has-post-thumbnail","hentry","category-futbol"],"_links":{"self":[{"href":"https:\/\/haberbesiktas.tr\/index.php?rest_route=\/wp\/v2\/posts\/5066","targetHints":{"allow":["GET"]}}],"collection":[{"href":"https:\/\/haberbesiktas.tr\/index.php?rest_route=\/wp\/v2\/posts"}],"about":[{"href":"https:\/\/haberbesiktas.tr\/index.php?rest_route=\/wp\/v2\/types\/post"}],"author":[{"embeddable":true,"href":"https:\/\/haberbesiktas.tr\/index.php?rest_route=\/wp\/v2\/users\/1"}],"replies":[{"embeddable":true,"href":"https:\/\/haberbesiktas.tr\/index.php?rest_route=%2Fwp%2Fv2%2Fcomments&post=5066"}],"version-history":[{"count":1,"href":"https:\/\/haberbesiktas.tr\/index.php?rest_route=\/wp\/v2\/posts\/5066\/revisions"}],"predecessor-version":[{"id":5068,"href":"https:\/\/haberbesiktas.tr\/index.php?rest_route=\/wp\/v2\/posts\/5066\/revisions\/5068"}],"wp:featuredmedia":[{"embeddable":true,"href":"https:\/\/haberbesiktas.tr\/index.php?rest_route=\/wp\/v2\/media\/5067"}],"wp:attachment":[{"href":"https:\/\/haberbesiktas.tr\/index.php?rest_route=%2Fwp%2Fv2%2Fmedia&parent=5066"}],"wp:term":[{"taxonomy":"category","embeddable":true,"href":"https:\/\/haberbesiktas.tr\/index.php?rest_route=%2Fwp%2Fv2%2Fcategories&post=5066"},{"taxonomy":"post_tag","embeddable":true,"href":"https:\/\/haberbesiktas.tr\/index.php?rest_route=%2Fwp%2Fv2%2Ftags&post=5066"}],"curies":[{"name":"wp","href":"https:\/\/api.w.org\/{rel}","templated":true}]}}