{"id":50746,"date":"2026-01-19T01:12:05","date_gmt":"2026-01-19T01:12:05","guid":{"rendered":"https:\/\/haberbesiktas.tr\/?p=50746"},"modified":"2026-01-19T01:12:05","modified_gmt":"2026-01-19T01:12:05","slug":"felipe-augusto-kafa-vuruslarina-cok-calistik","status":"publish","type":"post","link":"https:\/\/haberbesiktas.tr\/?p=50746","title":{"rendered":"Felipe Augusto: &#8220;Kafa vuru\u015flar\u0131na \u00e7ok \u00e7al\u0131\u015ft\u0131k&#8221;"},"content":{"rendered":"<div>\n<div>\n<div>Trabzonspor, Kocaelispor deplasman\u0131nda 1-0&#8217;dan geri d\u00f6nerek 2-1 kazand\u0131 ve 2 ma\u00e7l\u0131k galibiyet hasretini bitirdi.<\/div>\n<div>\u00a0<\/div>\n<div>Ma\u00e7\u0131n akabinde Trabzonspor&#8217;da birinci gol\u00fcn sahibi Felipe Augusto a\u00e7\u0131klamalarda bulundu.<\/div>\n<\/p><\/div>\n<div>\u00a0<\/div>\n<div><strong>&#8220;HOCAMIZLA BA\u015e VURU\u015eLARINA \u00c7OK \u00c7ALI\u015eTIK&#8221;<\/strong><\/div>\n<div>\u00a0<\/div>\n<div>Zeminin zorlad\u0131\u011f\u0131n\u0131 s\u00f6ylen Augusto, <strong>&#8220;Zor bir ma\u00e7 olaca\u011f\u0131n\u0131 biliyorduk. Rakibimiz, taraftar\u0131yla birlikte kaliteli bir ekip h\u00fcviyetine b\u00fcr\u00fcn\u00fcyordu. Kazanmam\u0131z gereken bir ma\u00e7t\u0131. Taban\u0131n bizi biraz zorlad\u0131\u011f\u0131n\u0131 s\u00f6ylemeliyim. Oyunumuz, topa sahip olma ve domine etme oyunu. Kolay bir galibiyet olmayaca\u011f\u0131n\u0131n fark\u0131ndayd\u0131k. Geri d\u00fc\u015ft\u00fckten sonra tepki g\u00f6sterebilmek \u00e7ok k\u0131ymetliydi bizim ismimize.&#8221;<\/strong> dedi.<\/div>\n<div>\u00a0<\/div>\n<div>Kafa vuru\u015flar\u0131na \u00e7al\u0131\u015ft\u0131klar\u0131n\u0131 lisana getiren Augusto, <strong>&#8220;Tak\u0131ma katk\u0131da bulunabilmek beni \u00e7ok memnun ediyor. Birinci geldi\u011fim andan itibaren hocam\u0131z beni tatl\u0131 lisanla ele\u015ftirdi. &#8216;Uzun boylusun, ba\u015f golleri atman laz\u0131m&#8217; s\u0131k\u0131nt\u0131s\u0131. Hocam\u0131zla birlikte ba\u015f vuru\u015flar\u0131na \u00e7ok \u00e7al\u0131\u015ft\u0131k. Ba\u015f vuru\u015funa \u00e7al\u0131\u015farak sonucunu g\u00f6rmek beni ayr\u0131yeten \u00e7ok memnun etti.&#8221;<\/strong> s\u00f6zlerini kulland\u0131.<\/div>\n<div>\u00a0<\/div>\n<div>Galibiyet gol\u00fcn\u00fc atan Mu\u00e7i i\u00e7in de konu\u015fan Augusto, <strong>&#8220;Mu\u00e7i ismine \u015funu s\u00f6yleyeyim; kaliteli ve \u00e2l\u00e2 bir oyuncu. Kendini kan\u0131tl\u0131yor herkese.&#8221;<\/strong> dedi.<\/div>\n<\/p><\/div>\n","protected":false},"excerpt":{"rendered":"<p>Trabzonspor&#8217;da Felipe Augusto, Kocaelispor galibiyetinin akabinde a\u00e7\u0131klamalarda bulundu.<\/p>\n","protected":false},"author":1,"featured_media":50747,"comment_status":"open","ping_status":"open","sticky":false,"template":"","format":"standard","meta":{"footnotes":""},"categories":[25],"tags":[766],"class_list":["post-50746","post","type-post","status-publish","format-standard","has-post-thumbnail","hentry","category-futbol","tag-kafa"],"_links":{"self":[{"href":"https:\/\/haberbesiktas.tr\/index.php?rest_route=\/wp\/v2\/posts\/50746","targetHints":{"allow":["GET"]}}],"collection":[{"href":"https:\/\/haberbesiktas.tr\/index.php?rest_route=\/wp\/v2\/posts"}],"about":[{"href":"https:\/\/haberbesiktas.tr\/index.php?rest_route=\/wp\/v2\/types\/post"}],"author":[{"embeddable":true,"href":"https:\/\/haberbesiktas.tr\/index.php?rest_route=\/wp\/v2\/users\/1"}],"replies":[{"embeddable":true,"href":"https:\/\/haberbesiktas.tr\/index.php?rest_route=%2Fwp%2Fv2%2Fcomments&post=50746"}],"version-history":[{"count":1,"href":"https:\/\/haberbesiktas.tr\/index.php?rest_route=\/wp\/v2\/posts\/50746\/revisions"}],"predecessor-version":[{"id":50748,"href":"https:\/\/haberbesiktas.tr\/index.php?rest_route=\/wp\/v2\/posts\/50746\/revisions\/50748"}],"wp:featuredmedia":[{"embeddable":true,"href":"https:\/\/haberbesiktas.tr\/index.php?rest_route=\/wp\/v2\/media\/50747"}],"wp:attachment":[{"href":"https:\/\/haberbesiktas.tr\/index.php?rest_route=%2Fwp%2Fv2%2Fmedia&parent=50746"}],"wp:term":[{"taxonomy":"category","embeddable":true,"href":"https:\/\/haberbesiktas.tr\/index.php?rest_route=%2Fwp%2Fv2%2Fcategories&post=50746"},{"taxonomy":"post_tag","embeddable":true,"href":"https:\/\/haberbesiktas.tr\/index.php?rest_route=%2Fwp%2Fv2%2Ftags&post=50746"}],"curies":[{"name":"wp","href":"https:\/\/api.w.org\/{rel}","templated":true}]}}