{"id":50761,"date":"2026-01-19T02:12:06","date_gmt":"2026-01-19T02:12:06","guid":{"rendered":"https:\/\/haberbesiktas.tr\/?p=50761"},"modified":"2026-01-19T02:12:06","modified_gmt":"2026-01-19T02:12:06","slug":"kocaelide-ertugrul-doganin-arabasina-saldiri","status":"publish","type":"post","link":"https:\/\/haberbesiktas.tr\/?p=50761","title":{"rendered":"Kocaeli&#8217;de Ertu\u011frul Do\u011fan&#8217;\u0131n arabas\u0131na sald\u0131r\u0131"},"content":{"rendered":"<div>S\u00fcper Lig&#8217;in 18. haftas\u0131nda Trabzonspor, deplasmanda kar\u015f\u0131la\u015ft\u0131\u011f\u0131 Kocaelispor&#8217;u uzatma dakikalar\u0131nda buldu\u011fu golle 2-1 ma\u011flup etti.<\/p>\n<p> M\u00fcsabakan\u0131n ard\u0131ndan Trabzonspor Kul\u00fcb\u00fc Lideri Ertu\u011frul Do\u011fan&#8217;\u0131n arac\u0131na, Kocaelispor m\u00fcsabakas\u0131n\u0131n akabinde atakta bulunuldu. \u00c7evik kuvvet gruplar\u0131 arac\u0131n etraf\u0131n\u0131 sard\u0131 ve g\u00fcvenlik koridoru olu\u015fturdu.<\/p>\n<p> Ma\u00e7\u0131n sona ermesinin akabinde Turka Ara\u00e7 Muayene Kocaeli Stadyumu&#8217;ndan \u00e7\u0131k\u0131\u015f ger\u00e7ekle\u015ftiren Trabzonspor Ba\u015fkan\u0131 Ertu\u011frul Do\u011fan ve Asba\u015fkan Zeyyat Kafkas&#8217;\u0131n i\u00e7inde bulundu\u011fu ara\u00e7lara Kocaelili taraftarlar taraf\u0131ndan yumruklu h\u00fccumda bulundu. <\/p>\n<p> Olayda Lider Do\u011fan&#8217;\u0131n muhafaza grubu sald\u0131r\u0131y\u0131 ger\u00e7ekle\u015ftirenleri etkisiz hale getirerek olay yerinden uzakla\u015ft\u0131rd\u0131. Liderin arac\u0131 yol ortas\u0131nda \u00e7evik kuvvet taraf\u0131ndan durdurulup g\u00fcvenlik \u00e7emberine al\u0131nd\u0131.<\/p>\n<p> Taraftarlar da\u011f\u0131lana kadar bekletilen ara\u00e7, g\u00fcvenlik tedbirlerinin al\u0131nmas\u0131n\u0131n akabinde yola devam etti.<\/p>\n<p><img decoding=\"async\" src=\"https:\/\/haberbesiktas.tr\/wp-content\/uploads\/2026\/01\/kocaelide-ertugrul-doganin-arabasina-saldiri-0-CFIRtkbr.jpg\"\/><\/p>\n<\/div>\n","protected":false},"excerpt":{"rendered":"<p>Kocaelispor ma\u00e7\u0131 sonras\u0131 Trabzonspor Ba\u015fkan\u0131 Ertu\u011frul Do\u011fan&#8217;\u0131n arac\u0131na taarruz ger\u00e7ekle\u015ftirildi.<\/p>\n","protected":false},"author":1,"featured_media":50762,"comment_status":"open","ping_status":"open","sticky":false,"template":"","format":"standard","meta":{"footnotes":""},"categories":[25],"tags":[],"class_list":["post-50761","post","type-post","status-publish","format-standard","has-post-thumbnail","hentry","category-futbol"],"_links":{"self":[{"href":"https:\/\/haberbesiktas.tr\/index.php?rest_route=\/wp\/v2\/posts\/50761","targetHints":{"allow":["GET"]}}],"collection":[{"href":"https:\/\/haberbesiktas.tr\/index.php?rest_route=\/wp\/v2\/posts"}],"about":[{"href":"https:\/\/haberbesiktas.tr\/index.php?rest_route=\/wp\/v2\/types\/post"}],"author":[{"embeddable":true,"href":"https:\/\/haberbesiktas.tr\/index.php?rest_route=\/wp\/v2\/users\/1"}],"replies":[{"embeddable":true,"href":"https:\/\/haberbesiktas.tr\/index.php?rest_route=%2Fwp%2Fv2%2Fcomments&post=50761"}],"version-history":[{"count":1,"href":"https:\/\/haberbesiktas.tr\/index.php?rest_route=\/wp\/v2\/posts\/50761\/revisions"}],"predecessor-version":[{"id":50764,"href":"https:\/\/haberbesiktas.tr\/index.php?rest_route=\/wp\/v2\/posts\/50761\/revisions\/50764"}],"wp:featuredmedia":[{"embeddable":true,"href":"https:\/\/haberbesiktas.tr\/index.php?rest_route=\/wp\/v2\/media\/50762"}],"wp:attachment":[{"href":"https:\/\/haberbesiktas.tr\/index.php?rest_route=%2Fwp%2Fv2%2Fmedia&parent=50761"}],"wp:term":[{"taxonomy":"category","embeddable":true,"href":"https:\/\/haberbesiktas.tr\/index.php?rest_route=%2Fwp%2Fv2%2Fcategories&post=50761"},{"taxonomy":"post_tag","embeddable":true,"href":"https:\/\/haberbesiktas.tr\/index.php?rest_route=%2Fwp%2Fv2%2Ftags&post=50761"}],"curies":[{"name":"wp","href":"https:\/\/api.w.org\/{rel}","templated":true}]}}