{"id":50765,"date":"2026-01-19T02:24:06","date_gmt":"2026-01-19T02:24:06","guid":{"rendered":"https:\/\/haberbesiktas.tr\/?p=50765"},"modified":"2026-01-19T02:24:06","modified_gmt":"2026-01-19T02:24:06","slug":"tedescodan-mehmet-turkmene-tepki","status":"publish","type":"post","link":"https:\/\/haberbesiktas.tr\/?p=50765","title":{"rendered":"Tedesco&#8217;dan Mehmet T\u00fcrkmen&#8217;e tepki"},"content":{"rendered":"<div>Fenerbah\u00e7e Teknik Y\u00f6neticisi Domenico Tedesco, Corendon Alanyaspor ma\u00e7\u0131 hakemi Mehmet T\u00fcrkmen&#8217;e reaksiyon g\u00f6sterdi.<\/p>\n<p> Talisca&#8217;n\u0131n Maestro ile u\u011fra\u015f\u0131 sonras\u0131 yerde kalmas\u0131n\u0131n akabinde Tedesco reaksiyon g\u00f6sterdi. Bu reaksiyon \u00fczerine Mehmet T\u00fcrkmen, Tedesco&#8217;ya sar\u0131 kart \u00e7\u0131kard\u0131.<\/p>\n<p> Sar\u0131 kart\u0131n \u00fczerine Tedesco, \u00fczerindeki ceketi f\u0131rlat\u0131p yere att\u0131.<\/p>\n<\/div>\n","protected":false},"excerpt":{"rendered":"<p>Fenerbah\u00e7e Teknik Y\u00f6neticisi Domenico Tedesco, Mehmet T\u00fcrkmen&#8217;e itirazlar\u0131 nedeniyle sar\u0131 kart g\u00f6rd\u00fc.<\/p>\n","protected":false},"author":1,"featured_media":50766,"comment_status":"open","ping_status":"open","sticky":false,"template":"","format":"standard","meta":{"footnotes":""},"categories":[25],"tags":[],"class_list":["post-50765","post","type-post","status-publish","format-standard","has-post-thumbnail","hentry","category-futbol"],"_links":{"self":[{"href":"https:\/\/haberbesiktas.tr\/index.php?rest_route=\/wp\/v2\/posts\/50765","targetHints":{"allow":["GET"]}}],"collection":[{"href":"https:\/\/haberbesiktas.tr\/index.php?rest_route=\/wp\/v2\/posts"}],"about":[{"href":"https:\/\/haberbesiktas.tr\/index.php?rest_route=\/wp\/v2\/types\/post"}],"author":[{"embeddable":true,"href":"https:\/\/haberbesiktas.tr\/index.php?rest_route=\/wp\/v2\/users\/1"}],"replies":[{"embeddable":true,"href":"https:\/\/haberbesiktas.tr\/index.php?rest_route=%2Fwp%2Fv2%2Fcomments&post=50765"}],"version-history":[{"count":1,"href":"https:\/\/haberbesiktas.tr\/index.php?rest_route=\/wp\/v2\/posts\/50765\/revisions"}],"predecessor-version":[{"id":50767,"href":"https:\/\/haberbesiktas.tr\/index.php?rest_route=\/wp\/v2\/posts\/50765\/revisions\/50767"}],"wp:featuredmedia":[{"embeddable":true,"href":"https:\/\/haberbesiktas.tr\/index.php?rest_route=\/wp\/v2\/media\/50766"}],"wp:attachment":[{"href":"https:\/\/haberbesiktas.tr\/index.php?rest_route=%2Fwp%2Fv2%2Fmedia&parent=50765"}],"wp:term":[{"taxonomy":"category","embeddable":true,"href":"https:\/\/haberbesiktas.tr\/index.php?rest_route=%2Fwp%2Fv2%2Fcategories&post=50765"},{"taxonomy":"post_tag","embeddable":true,"href":"https:\/\/haberbesiktas.tr\/index.php?rest_route=%2Fwp%2Fv2%2Ftags&post=50765"}],"curies":[{"name":"wp","href":"https:\/\/api.w.org\/{rel}","templated":true}]}}