{"id":5078,"date":"2025-01-20T21:59:59","date_gmt":"2025-01-20T21:59:59","guid":{"rendered":"https:\/\/haberbesiktas.tr\/?p=5078"},"modified":"2025-01-20T21:59:59","modified_gmt":"2025-01-20T21:59:59","slug":"besiktasta-hedef-3-bolgeye-takviye","status":"publish","type":"post","link":"https:\/\/haberbesiktas.tr\/?p=5078","title":{"rendered":"Be\u015fikta\u015f&#8217;ta hedef 3 b\u00f6lgeye takviye"},"content":{"rendered":"<div>\n<p>Kadrosunu g\u00fc\u00e7lendirmek isteyen Be\u015fikta\u015f, en az \u00fc\u00e7 oyuncu transfer etmeyi d\u00fc\u015f\u00fcn\u00fcyor.<\/p>\n<p> Siyah-beyazl\u0131lar\u0131n \u00f6ncelikli gayesi, kanat b\u00f6lgesine destek yapmak. D\u00f6nem ba\u015f\u0131ndan bu yana bilhassa kanatlardan oyun kurma ve oyun a\u00e7ma konusunda k\u00fclfetler ya\u015fayan Be\u015fikta\u015f, sol kanatta vazife alacak bir oyuncuyu tak\u0131m\u0131na dahil etmek istiyor.\u00a0<\/p>\n<p> <strong>\u00d6NCEL\u0130KL\u0130 YER SOL BEK<\/strong><\/p>\n<p> Siyah-beyazl\u0131larda, transferde bir \u00f6b\u00fcr \u00f6ncelikli b\u00f6lge ise sol bek. Arthur Masuaku&#8217;nun istikrars\u0131z performans\u0131 ve Serkan Emrecan Terzi&#8217;nin sakatl\u0131\u011f\u0131 nedeniyle orta transfer periyodunda bu duruma destek yap\u0131lmas\u0131 planlan\u0131yor. Be\u015fikta\u015f, savunma ve hamlede istikrarl\u0131 bir imaj sergileyen sol bek profillerine odaklanacak.\u00a0<\/p>\n<p> <strong>\u00c7\u0130FT SANTRAFOR&#8217;A D\u00d6N\u00dc\u015e\u00a0<\/strong><\/p>\n<p> Be\u015fikta\u015f, \u0130mmobile&#8217;nin sakatl\u0131\u011f\u0131 s\u00fcrecinde gol yollar\u0131nda sorun ya\u015fad\u0131. Bu nedenle, \u0130talyan y\u0131ld\u0131z\u0131n gerisinde forma bekleyecek ve gereksinim halinde \u00e7ift santrforlu sistemde alanda yer alabilecek bir atak oyuncusu transferi g\u00fcndemde. Be\u015fikta\u015f idaresi, bu \u00fc\u00e7 b\u00f6lgeye direkt katk\u0131 sa\u011flayabilecek oyunculara y\u00f6nelirken, gelecek d\u00f6nem planlamas\u0131 kapsam\u0131nda gen\u00e7 oyuncularla da temaslar\u0131n s\u0131kla\u015ft\u0131\u011f\u0131 gelen haberler ortas\u0131nda.\u00a0<\/p>\n<div>\u00a0<\/div>\n<\/div>\n","protected":false},"excerpt":{"rendered":"<p>Be\u015fikta\u015f, orta transfer devrinde kanat, bek ve forvet destekleri yapmak istiyor.<\/p>\n","protected":false},"author":1,"featured_media":5079,"comment_status":"open","ping_status":"open","sticky":false,"template":"","format":"standard","meta":{"footnotes":""},"categories":[25],"tags":[71,49],"class_list":["post-5078","post","type-post","status-publish","format-standard","has-post-thumbnail","hentry","category-futbol","tag-besiktas","tag-oyuncu"],"_links":{"self":[{"href":"https:\/\/haberbesiktas.tr\/index.php?rest_route=\/wp\/v2\/posts\/5078","targetHints":{"allow":["GET"]}}],"collection":[{"href":"https:\/\/haberbesiktas.tr\/index.php?rest_route=\/wp\/v2\/posts"}],"about":[{"href":"https:\/\/haberbesiktas.tr\/index.php?rest_route=\/wp\/v2\/types\/post"}],"author":[{"embeddable":true,"href":"https:\/\/haberbesiktas.tr\/index.php?rest_route=\/wp\/v2\/users\/1"}],"replies":[{"embeddable":true,"href":"https:\/\/haberbesiktas.tr\/index.php?rest_route=%2Fwp%2Fv2%2Fcomments&post=5078"}],"version-history":[{"count":1,"href":"https:\/\/haberbesiktas.tr\/index.php?rest_route=\/wp\/v2\/posts\/5078\/revisions"}],"predecessor-version":[{"id":5080,"href":"https:\/\/haberbesiktas.tr\/index.php?rest_route=\/wp\/v2\/posts\/5078\/revisions\/5080"}],"wp:featuredmedia":[{"embeddable":true,"href":"https:\/\/haberbesiktas.tr\/index.php?rest_route=\/wp\/v2\/media\/5079"}],"wp:attachment":[{"href":"https:\/\/haberbesiktas.tr\/index.php?rest_route=%2Fwp%2Fv2%2Fmedia&parent=5078"}],"wp:term":[{"taxonomy":"category","embeddable":true,"href":"https:\/\/haberbesiktas.tr\/index.php?rest_route=%2Fwp%2Fv2%2Fcategories&post=5078"},{"taxonomy":"post_tag","embeddable":true,"href":"https:\/\/haberbesiktas.tr\/index.php?rest_route=%2Fwp%2Fv2%2Ftags&post=5078"}],"curies":[{"name":"wp","href":"https:\/\/api.w.org\/{rel}","templated":true}]}}