{"id":5081,"date":"2025-01-20T22:11:59","date_gmt":"2025-01-20T22:11:59","guid":{"rendered":"https:\/\/haberbesiktas.tr\/?p=5081"},"modified":"2025-01-20T22:11:59","modified_gmt":"2025-01-20T22:11:59","slug":"yazarlardan-fenerbahce-degerlendirmesi","status":"publish","type":"post","link":"https:\/\/haberbesiktas.tr\/?p=5081","title":{"rendered":"Yazarlardan Fenerbah\u00e7e de\u011ferlendirmesi!"},"content":{"rendered":"<div>Spor m\u00fcellifleri, Fenerbah\u00e7e&#8217;nin Konyaspor&#8217;u 3-2 ma\u011flup etti\u011fi ma\u00e7\u0131 k\u00f6\u015felerinde k\u0131ymetlendirdi.<\/p>\n<p> <strong>\u0130\u015eTE MUHARR\u0130RLER\u0130N YORUMLARI!<\/strong><\/p>\n<p> U\u011fur Meleke: &#8220;27 Aral\u0131k 2024, Fenerbah\u00e7e i\u00e7in bir milat g\u00fcn\u00fcyd\u00fc anlad\u0131\u011f\u0131m kadar\u0131yla. Mourinho ve futbolcular\u0131 k\u0131sa bir tatil sonras\u0131 Samand\u0131ra&#8217;da topland\u0131lar. Sonras\u0131nda 9 g\u00fcn neredeyse tam tak\u0131m egzersiz yapma bahtlar\u0131 oldu. Ve Portekizli Hoca da o s\u00fcre\u00e7te yeni bir formasyonu deneme f\u0131rsat\u0131 buldu. Fenerbah\u00e7e 2025&#8217;te oynad\u0131\u011f\u0131 \u00fc\u00e7 resmi ma\u00e7ta da 3-4-1-2 formasyonunu kulland\u0131 \u015fu ana dek. Mourinho&#8217;nun 3-4-1-2 ile oynad\u0131\u011f\u0131 iki lig ma\u00e7\u0131nda dikkat \u00e7eken ayr\u0131nt\u0131lardan biri de Portekizli&#8217;nin kar\u015f\u0131la\u015fma i\u00e7inde kurguyla fazla oynamamas\u0131. Hatay \u00f6n\u00fcnde 70&#8217;e kadar kul\u00fcbesine ba\u015fvurmam\u0131\u015f, ma\u00e7\u0131 da yaln\u0131zca iki de\u011fi\u015fiklikle bitirmi\u015fti. D\u00fcn de Konya \u00f6n\u00fcnde 72&#8217;ye kadar de\u011fi\u015fiklik yapmad\u0131 ve yeniden 90+5&#8217;e kadar iki de\u011fi\u015fiklikle yetindi. Portekizli&#8217;nin d\u00f6neme \u00fc\u00e7l\u00fc savunma ile devam edece\u011fini iddia ediyorum ben.&#8221; [H\u00fcrriyet]<img decoding=\"async\" src=\"https:\/\/haberbesiktas.tr\/wp-content\/uploads\/2025\/01\/yazarlardan-fenerbahce-degerlendirmesi-0-7ZDzsljw.jpg\"\/><\/p>\n<p> <strong>&#8220;T\u00dcM AKS\u0130L\u0130KLERE KAR\u015eIN&#8230;&#8221;<\/strong><\/p>\n<p>G\u00fcntekin Onay: &#8220;Konya&#8217;da d\u00fcn ak\u015fam d\u00f6nemin en ho\u015f ma\u00e7lar\u0131ndan birini izledik. Bol konum, tempo ve heyecan her dakika \u00fcst d\u00fczeyde idi. Konyaspor&#8217;un \u015fimdi birinci dakikada gelen gol\u00fc Fenerbah\u00e7e&#8217;yi pani\u011fe sevketmedi. Lakin Alexander Djiku ve \u00c7a\u011flar S\u00f6y\u00fcnc\u00fc&#8217;n\u00fcn uyumsuzlu\u011fu birinci golde oldu\u011fu \u00fczere ikinci golde de sar\u0131 lacivertli kadroya de\u011ferliye mal oldu. Dusan Tadic&#8217;in klas gol\u00fcn\u00fcn akabinde daha emniyetli oynayan Fenerbah\u00e7e, skoru muhafazay\u0131 bildi ve Konyaspor&#8217;a durum vermeden kazanmay\u0131 ba\u015fard\u0131. 14. dakikada Mert M\u00fcld\u00fcr&#8217;\u00fcn att\u0131\u011f\u0131 gol\u00fcn pas\u0131n\u0131 veren ve 61. dakikada b\u00fcsb\u00fct\u00fcn kendi h\u00fcneri ve takip\u00e7ili\u011fi sayesinde galibiyet gol\u00fcn\u00fc atan Dusan Tadic Konya deplasman\u0131nda ma\u00e7\u0131n y\u0131ld\u0131z\u0131 oldu ve bir kere daha gereken anda sorumluluk al\u0131p y\u0131ld\u0131zla\u015ft\u0131. T\u00fcm aksiliklere kar\u015f\u0131n sar\u0131 lacivertli kadronun Konyaspor \u00fczere g\u00fc\u00e7l\u00fc ve inan\u00e7l\u0131 bir rakip kar\u015f\u0131s\u0131nda ortaya koydu\u011fu futbolu ve kazanma dile\u011fini be\u011fendim.&#8221; [H\u00fcrriyet]\n<p> <strong>&#8220;KORKAK&#8221; B\u0130R BAKI\u015e A\u00c7ISI&#8221;<\/strong><\/p>\n<p>G\u00fcrcan Bilgi\u00e7: &#8220;Kazan\u0131lmas\u0131 gereken ma\u00e7\u0131 kaybetmek i\u00e7in strateji \u00fcreten bir teknik adam\u0131 var Fenerbah\u00e7e&#8217;nin. Hareketli ma\u00e7ta orta sahay\u0131 ve defans gerisini Konyaspor&#8217;a ikram etmekle kalmad\u0131 Portekizli, tedbir almak yahut denetim sa\u011flamak ismine da at\u0131l\u0131m yapmay\u0131 tercih etmedi. Bir defans kusurundan, gol\u00fc \u00e7\u0131kartan Tadic&#8217;e \u015f\u00fckretsin. At\u0131l\u0131m\u0131 d\u00f6rtl\u00fc defansif dizili\u015fden, Osayi ile be\u015fliye d\u00f6nmek oldu. Sonras\u0131nda tekrar Yusuf&#8217;u oyuna alarak Samsun&#8217;daki kabulleni\u015fi tekrarlad\u0131. &#8220;Korkak&#8221; bir bak\u0131\u015f a\u00e7\u0131s\u0131 ve mukadderat\u00e7\u0131 yakla\u015f\u0131m ile ma\u00e7\u0131n galibi olman\u0131n &#8220;gururunu&#8221; ya\u015f\u0131yordur muhtemelen.&#8221; [Sabah]<img decoding=\"async\" src=\"https:\/\/haberbesiktas.tr\/wp-content\/uploads\/2025\/01\/yazarlardan-fenerbahce-degerlendirmesi-1-vseawsgc.jpg\"\/><\/p>\n<p> <strong>&#8220;HATALAR Z\u0130NC\u0130R\u0130N\u0130N ESER\u0130&#8221;<\/strong><\/p>\n<p>Kemal Belgin: &#8220;Fenerbah\u00e7e ka\u011f\u0131t \u00fczerinde \u00e7ok kuvvetli bir deplasman olarak g\u00f6r\u00fclen Konyaspor ma\u00e7\u0131nda asl\u0131na bakarsak hi\u00e7 zorlanmad\u0131. Bunun da sebebi rakibinin kalecisinin (Slowik) arma\u011fan etti\u011fi gollerdi. Fenerbah\u00e7e, bu t\u00fcrl\u00fc \u015fiddetli bir deplasman oyununda sanki neden iki u\u00e7 adam\u0131 ile oynad\u0131? Bu sahiden sorulacak bir sorudur. \u00dcstelik \u00f6n liberosunda hem Amrabat hem \u0130smail ortal\u0131klarda yokken. Bu ma\u00e7 be\u015f golle bittiyse bu b\u00fcsb\u00fct\u00fcn her iki kadro i\u00e7in de kusurlar zincirinin yap\u0131t\u0131d\u0131r. Mourinho bu oyunda alandaki tak\u0131m\u0131na ve tahminen de skor tabelas\u0131na o denli inanm\u0131\u015f ki yaln\u0131zca Levent ile Osayi&#8217;yi alana s\u00fcrd\u00fc. Ancak daha \u00e7ok sa\u011flam, dik duracak, d\u00fczg\u00fcn yer tutacak bir \u00f6n libero bulmal\u0131yd\u0131 bu tak\u0131m i\u00e7inde.&#8221; [T\u00fcrkiye]\n<p><strong>&#8220;UMUT VADETM\u0130YOR&#8221;<\/strong><\/p>\n<p>Engin Verel: &#8220;Fenerbah\u00e7e, Konya deplasman\u0131nda alana \u00e7\u0131karken ba\u015fkan Galatasaray&#8217;\u0131n tam 11 puan gerisindeydi. Ku\u015fkusuz bu tablo, oyuncular \u00fczerinde ola\u011fan\u0131n \u00fczerinde bir kazanma bask\u0131s\u0131 olu\u015fturuyor. Onlar da biliyor ki bir hezimet, hatta beraberlik her \u015feyin sonu manas\u0131na geliyor. Haliyle gerilim katsay\u0131s\u0131 da art\u0131yor. Konya&#8217;n\u0131n bilin\u00e7siz bask\u0131s\u0131n\u0131 denetim eden ve yan\u0131lg\u0131 kollayan Fenerbah\u00e7e, ak\u0131ll\u0131 aya\u011f\u0131 Dusan Tadic&#8217;le kalecinin yan\u0131lg\u0131s\u0131nda topu kap\u0131p, 3 puan getirecek \u00e7ok kritik bir gole imza att\u0131. Son periyotta hem beceriksizlik hem de b\u00fcy\u00fck \u015fanss\u0131zl\u0131k ya\u015fayan Fenerbah\u00e7e&#8217;nin bu gol\u00fcnde baht ve maharet \u00fcst seviyedeydi. Yaln\u0131zca bu konumda de\u011fil, ma\u00e7\u0131n geri kalan k\u0131sm\u0131nda de baht Fenerbah\u00e7e&#8217;ye yard\u0131m etti. Evet, Fenerbah\u00e7e g\u00fc\u00e7 bir deplasman ma\u00e7\u0131n\u0131 kazand\u0131 lakin oynanan futbolun \u015fampiyonluk i\u00e7in umut vadetti\u011fini ne yaz\u0131k ki s\u00f6yleyemeyece\u011fim.&#8221; [Ak\u015fam]<img decoding=\"async\" src=\"https:\/\/haberbesiktas.tr\/wp-content\/uploads\/2025\/01\/yazarlardan-fenerbahce-degerlendirmesi-2-Bt5vzeDm.jpg\"\/><\/p>\n<p> <strong>&#8220;CENK DE ALTERNAT\u0130F OLMALI&#8221;<\/strong><\/p>\n<p>\u0130lker Ya\u011fc\u0131o\u011flu: &#8220;Konya&#8217;daki \u015fiddetli deplasman\u0131 Mourinho \u00fc\u00e7l\u00fc savunmayla ba\u015flad\u0131. kenarlarda da solda Kostic sa\u011fda O\u011fuz ikilisiyle hem hamlede hem de defansta rakipten birer ki\u015fi fazla olmay\u0131 hesaplam\u0131\u015ft\u0131. \u0130ki korner bir kaleci yan\u0131lg\u0131s\u0131 sonras\u0131 gelse de at\u0131lan 3 golle Konya&#8217;dan 3 puanla d\u00f6nmek Fenerbah\u00e7e&#8217;nin tepe yolundaki inad\u0131n\u0131 g\u00f6sterdi. Jose Mourinho \u015fayet bu sistemle oynamaya devam edecekse Nesyri- Dzeko ikilisine Cenk&#8217;i de alternatif olarak eklemeli&#8221; [Takvim]\n<p> <strong>&#8220;L\u0130G\u0130N BUGG&#8217;INI BULMU\u015e&#8221;<\/strong><\/p>\n<p>Emre Bol: &#8220;Fenerbah\u00e7e yar\u0131m puan bile kaybetmesinin \u015fampiyonlu\u011fa havlu ataca\u011f\u0131 manas\u0131na geldi\u011fi m\u00fcsabakada zorda olsa kazand\u0131. Dostlar birinci yar\u0131da at\u0131lan golleri kimler att\u0131? Savunmac\u0131lar! Pekala, golleri kimler y\u00fcz\u00fcnden yedi sar\u0131- lacivertliler? Tekrar savunmac\u0131lar! Sizce burada bir sorun yok mu? Fenerbah\u00e7e&#8217;nin savunmas\u0131 da, golc\u00fcleri de rakibi Galatasaray&#8217;dan berbat. Sorunu anlamak i\u00e7in evvel sorunu \u00e7\u00f6zmek gerekiyor. Mourinho bence ligin birinci yar\u0131s\u0131n\u0131 bo\u015fa harcad\u0131. Biz s\u00f6yledik, idare s\u00f6yledi lakin ba\u015f\u0131n\u0131n dikine gitti. Heyhat ge\u00e7te olsa kimi \u015feylerin fark\u0131na vard\u0131. Bu gecikmi\u015flik d\u00f6nemi kupas\u0131z kapatmaya neden olabilir. Son bas\u0131n toplant\u0131s\u0131nda Ali bey, &#8220;Mourinho ile konu\u015ftuk. Ligin bu t\u00fcrl\u00fc oldu\u011funu bilseydim, transferleri farkl\u0131 yapard\u0131m&#8221; dedi\u011fini s\u00f6yledi. Demek ligin bugg&#8217;\u0131n\u0131 \u00e7\u00f6zmeye ba\u015flam\u0131\u015f. Fenerbah\u00e7e taraftar\u0131 sonsuz bir halde Mourinho&#8217;ya takviye vermeli. \u00c7\u00fcnk\u00fc bu i\u015fin sonu g\u00fczel olacak. Tahminen yar\u0131n tahminen yar\u0131ndan da yak\u0131n!&#8221; [Fotoma\u00e7]<img decoding=\"async\" src=\"https:\/\/haberbesiktas.tr\/wp-content\/uploads\/2025\/01\/yazarlardan-fenerbahce-degerlendirmesi-3-LSpNZzCQ.jpg\"\/><\/p>\n<p> <strong>HAKEM YORUMU<\/strong><\/p>\n<p>Mustafa \u00c7ulcu: &#8220;Hakem Diren\u00e7 Tonusluo\u011flu verilmeyen fauller, sar\u0131 ve k\u0131rm\u0131z\u0131 kartlar, penalt\u0131\u2026 Bu nas\u0131l hakemlik? Sen art\u0131k &#8220;Ben S\u00fcper Lig hakemiyim&#8221; mi diyorsun? Birinci yar\u0131da Tadic ve O\u011fulcan&#8217;a g\u00f6sterdi\u011fi sar\u0131 kartlar yanl\u0131\u015fs\u0131z lakin 36&#8217;da O\u011fulcan&#8217;a yapt\u0131\u011f\u0131 denetimsiz hareketi m\u00fcnasebetiyle Kostic&#8217;e sar\u0131 g\u00f6stermeliydi, g\u00f6stermedi. Fenerbah\u00e7e&#8217;nin 2. gol\u00fc \u00f6ncesi verdi\u011fi korner kusurluydu, zira top en son En-Nesyri&#8217;den \u00e7\u0131k\u0131yor. 52&#8217;de Dzeko topa vurmada ge\u00e7 kal\u0131yor, topa U\u011furcan vuruyor, Dzeko ad\u0131m frekans\u0131n\u0131 ayarlayacak vakti ve basaca\u011f\u0131 alan varken U\u011furcan&#8217;\u0131n aya\u011f\u0131na, kaval kemi\u011fi b\u00f6lgesine bas\u0131yor. Bu konum k\u0131rm\u0131z\u0131 kart olmal\u0131yd\u0131. VAR m\u00fcdahale etmeliydi, ne hakem verdi ne de VAR devreye girdi. K\u0131rm\u0131z\u0131 kart kaynad\u0131 gitti. Hava topuna \u00e7\u0131k\u0131\u015fta Kramer evvel rakibin aya\u011f\u0131na bas\u0131yor, sar\u0131 olmal\u0131yd\u0131. 67&#8217;de y\u00fcksek hava topunda Kostic sol el ile rakip Prip&#8217;e yapt\u0131\u011f\u0131 aksiyon net penalt\u0131 ve sar\u0131 kart fakat bu maj\u00f6r kararda hakem de VAR da tekrar yoklar. Tac\u0131, korneri, autu, orta alan faullerini herkes verir. Hakemin varl\u0131\u011f\u0131, y\u00fcre\u011fi, kalitesi, markas\u0131 b\u00fcy\u00fck kararlarda belirli olur. Diren\u00e7 Tonusluo\u011flu ve Sarper Bar\u0131\u015f Latife tas\u0131 tara\u011f\u0131 toplay\u0131n gidin, b\u0131rak\u0131n bu i\u015fi. Sizden hakem falan olmaz. Yaz\u0131klar olsun.&#8221; [Sabah]\n<\/div>\n","protected":false},"excerpt":{"rendered":"<p>Spor m\u00fcellifleri, Fenerbah\u00e7e&#8217;nin Konyaspor&#8217;u 3-2 ma\u011flup etti\u011fi ma\u00e7\u0131 k\u00f6\u015felerinde k\u0131ymetlendirdi.<\/p>\n","protected":false},"author":1,"featured_media":5082,"comment_status":"open","ping_status":"open","sticky":false,"template":"","format":"standard","meta":{"footnotes":""},"categories":[25],"tags":[115,479,183,704,78],"class_list":["post-5081","post","type-post","status-publish","format-standard","has-post-thumbnail","hentry","category-futbol","tag-fenerbahce","tag-hata","tag-konya","tag-mourinho","tag-top"],"_links":{"self":[{"href":"https:\/\/haberbesiktas.tr\/index.php?rest_route=\/wp\/v2\/posts\/5081","targetHints":{"allow":["GET"]}}],"collection":[{"href":"https:\/\/haberbesiktas.tr\/index.php?rest_route=\/wp\/v2\/posts"}],"about":[{"href":"https:\/\/haberbesiktas.tr\/index.php?rest_route=\/wp\/v2\/types\/post"}],"author":[{"embeddable":true,"href":"https:\/\/haberbesiktas.tr\/index.php?rest_route=\/wp\/v2\/users\/1"}],"replies":[{"embeddable":true,"href":"https:\/\/haberbesiktas.tr\/index.php?rest_route=%2Fwp%2Fv2%2Fcomments&post=5081"}],"version-history":[{"count":1,"href":"https:\/\/haberbesiktas.tr\/index.php?rest_route=\/wp\/v2\/posts\/5081\/revisions"}],"predecessor-version":[{"id":5087,"href":"https:\/\/haberbesiktas.tr\/index.php?rest_route=\/wp\/v2\/posts\/5081\/revisions\/5087"}],"wp:featuredmedia":[{"embeddable":true,"href":"https:\/\/haberbesiktas.tr\/index.php?rest_route=\/wp\/v2\/media\/5082"}],"wp:attachment":[{"href":"https:\/\/haberbesiktas.tr\/index.php?rest_route=%2Fwp%2Fv2%2Fmedia&parent=5081"}],"wp:term":[{"taxonomy":"category","embeddable":true,"href":"https:\/\/haberbesiktas.tr\/index.php?rest_route=%2Fwp%2Fv2%2Fcategories&post=5081"},{"taxonomy":"post_tag","embeddable":true,"href":"https:\/\/haberbesiktas.tr\/index.php?rest_route=%2Fwp%2Fv2%2Ftags&post=5081"}],"curies":[{"name":"wp","href":"https:\/\/api.w.org\/{rel}","templated":true}]}}