{"id":50840,"date":"2026-01-19T07:00:04","date_gmt":"2026-01-19T07:00:04","guid":{"rendered":"https:\/\/haberbesiktas.tr\/?p=50840"},"modified":"2026-01-19T07:00:04","modified_gmt":"2026-01-19T07:00:04","slug":"besiktasta-sergen-yalcin-iddiali-farki-eritebiliriz","status":"publish","type":"post","link":"https:\/\/haberbesiktas.tr\/?p=50840","title":{"rendered":"Be\u015fikta\u015f&#8217;ta Sergen Yal\u00e7\u0131n iddial\u0131: &#8220;Fark\u0131 eritebiliriz&#8221;"},"content":{"rendered":"<div>\n<p>Be\u015fikta\u015f, S\u00fcper Lig&#8217;de ikinci yar\u0131n\u0131n birinci ma\u00e7\u0131nda Kayserispor ile kar\u015f\u0131la\u015facak. <\/p>\n<p>Son sekiz resmi ma\u00e7\u0131nda yenilgi ya\u015famayan siyah beyazl\u0131lar, bu serisini devam ettirmek istiyor.<\/p>\n<p>Evinde 3-2 kaybetti\u011fi Fenerbah\u00e7e derbisinden sonra ligde alt\u0131, kupada da iki ma\u00e7a \u00e7\u0131kan siyah beyazl\u0131lar, bu s\u00fcre\u00e7te rakiplerine kaybetmedi.<\/p>\n<p> <strong>OYUNCULARININ MOT\u0130VASYONUNU ARTIRDI<\/strong><\/p>\n<p>Teknik y\u00f6netici Sergen Yal\u00e7\u0131n&#8217;\u0131n son idman \u00f6ncesi oyuncular\u0131yla yapt\u0131\u011f\u0131 toplant\u0131da, dorukla ortadaki fark\u0131 m\u00fcmk\u00fcn oldu\u011funca eritmek istedi\u011fini belirterek, oyuncular\u0131n\u0131n motivasyonunu art\u0131rmaya \u00e7al\u0131\u015ft\u0131.\u00a0<\/p>\n<\/div>\n","protected":false},"excerpt":{"rendered":"<p>Be\u015fikta\u015f Teknik Y\u00f6neticisi Sergen Yal\u00e7\u0131n, ikinci yar\u0131n\u0131n birinci ma\u00e7\u0131 \u00f6ncesinde tezli konu\u015ftu. Deneyimli teknik adam, dorukla ortadaki fark\u0131n bu s\u00fcre\u00e7te daralaca\u011f\u0131na inand\u0131\u011f\u0131n\u0131 s\u00f6z etti.<\/p>\n","protected":false},"author":1,"featured_media":50841,"comment_status":"open","ping_status":"open","sticky":false,"template":"","format":"standard","meta":{"footnotes":""},"categories":[25],"tags":[],"class_list":["post-50840","post","type-post","status-publish","format-standard","has-post-thumbnail","hentry","category-futbol"],"_links":{"self":[{"href":"https:\/\/haberbesiktas.tr\/index.php?rest_route=\/wp\/v2\/posts\/50840","targetHints":{"allow":["GET"]}}],"collection":[{"href":"https:\/\/haberbesiktas.tr\/index.php?rest_route=\/wp\/v2\/posts"}],"about":[{"href":"https:\/\/haberbesiktas.tr\/index.php?rest_route=\/wp\/v2\/types\/post"}],"author":[{"embeddable":true,"href":"https:\/\/haberbesiktas.tr\/index.php?rest_route=\/wp\/v2\/users\/1"}],"replies":[{"embeddable":true,"href":"https:\/\/haberbesiktas.tr\/index.php?rest_route=%2Fwp%2Fv2%2Fcomments&post=50840"}],"version-history":[{"count":1,"href":"https:\/\/haberbesiktas.tr\/index.php?rest_route=\/wp\/v2\/posts\/50840\/revisions"}],"predecessor-version":[{"id":50842,"href":"https:\/\/haberbesiktas.tr\/index.php?rest_route=\/wp\/v2\/posts\/50840\/revisions\/50842"}],"wp:featuredmedia":[{"embeddable":true,"href":"https:\/\/haberbesiktas.tr\/index.php?rest_route=\/wp\/v2\/media\/50841"}],"wp:attachment":[{"href":"https:\/\/haberbesiktas.tr\/index.php?rest_route=%2Fwp%2Fv2%2Fmedia&parent=50840"}],"wp:term":[{"taxonomy":"category","embeddable":true,"href":"https:\/\/haberbesiktas.tr\/index.php?rest_route=%2Fwp%2Fv2%2Fcategories&post=50840"},{"taxonomy":"post_tag","embeddable":true,"href":"https:\/\/haberbesiktas.tr\/index.php?rest_route=%2Fwp%2Fv2%2Ftags&post=50840"}],"curies":[{"name":"wp","href":"https:\/\/api.w.org\/{rel}","templated":true}]}}