{"id":50846,"date":"2026-01-19T07:24:05","date_gmt":"2026-01-19T07:24:05","guid":{"rendered":"https:\/\/haberbesiktas.tr\/?p=50846"},"modified":"2026-01-19T07:24:05","modified_gmt":"2026-01-19T07:24:05","slug":"besiktasta-demir-egenin-alternatifini-maestro","status":"publish","type":"post","link":"https:\/\/haberbesiktas.tr\/?p=50846","title":{"rendered":"Be\u015fikta\u015f&#8217;ta Demir Ege&#8217;nin alternatifini Maestro!"},"content":{"rendered":"<div>\n<p>Be\u015fikta\u015f&#8217;ta devre ortas\u0131 transfer periyodunda s\u0131cak saatler ya\u015fan\u0131yor. <\/p>\n<p>Portekiz&#8217;in Braga kul\u00fcb\u00fc, siyah-beyazl\u0131lara<strong> Demir Ege T\u0131knaz<\/strong> i\u00e7in 7.5 milyon euro bonservis ve sonraki sat\u0131\u015ftan y\u00fczde 20 hisse teklif etmi\u015fti. <\/p>\n<p>Ba\u015fkan Serdal Adal\u0131 bas\u0131n toplant\u0131s\u0131nda 21 ya\u015f\u0131ndaki futbolcunun Portekiz&#8217;e gitmek istedi\u011fini a\u00e7\u0131klam\u0131\u015ft\u0131.<\/p>\n<p> Resmi imzalar\u0131n at\u0131lmas\u0131 beklenirken, siyah-beyazl\u0131 kurmaylar Demir Ege&#8217;nin gidi\u015fiyle olu\u015facak bo\u015flu\u011fu \u00dcst\u00fcn Lig&#8217;in fla\u015f ismi <strong>Maestro<\/strong> ile doldurmay\u0131 hedefliyor.\u00a0<\/p>\n<\/div>\n","protected":false},"excerpt":{"rendered":"<p>Be\u015fikta\u015f, Demir Ege T\u0131knaz&#8217;\u0131n tak\u0131m\u0131dan ayr\u0131lmas\u0131 durumunda orta alandaki bo\u015flu\u011fu Alanyaspor&#8217;un parlayan y\u0131ld\u0131z\u0131 Maestro ile doldurmay\u0131 hedefliyor.<\/p>\n","protected":false},"author":1,"featured_media":50847,"comment_status":"open","ping_status":"open","sticky":false,"template":"","format":"standard","meta":{"footnotes":""},"categories":[25],"tags":[],"class_list":["post-50846","post","type-post","status-publish","format-standard","has-post-thumbnail","hentry","category-futbol"],"_links":{"self":[{"href":"https:\/\/haberbesiktas.tr\/index.php?rest_route=\/wp\/v2\/posts\/50846","targetHints":{"allow":["GET"]}}],"collection":[{"href":"https:\/\/haberbesiktas.tr\/index.php?rest_route=\/wp\/v2\/posts"}],"about":[{"href":"https:\/\/haberbesiktas.tr\/index.php?rest_route=\/wp\/v2\/types\/post"}],"author":[{"embeddable":true,"href":"https:\/\/haberbesiktas.tr\/index.php?rest_route=\/wp\/v2\/users\/1"}],"replies":[{"embeddable":true,"href":"https:\/\/haberbesiktas.tr\/index.php?rest_route=%2Fwp%2Fv2%2Fcomments&post=50846"}],"version-history":[{"count":1,"href":"https:\/\/haberbesiktas.tr\/index.php?rest_route=\/wp\/v2\/posts\/50846\/revisions"}],"predecessor-version":[{"id":50848,"href":"https:\/\/haberbesiktas.tr\/index.php?rest_route=\/wp\/v2\/posts\/50846\/revisions\/50848"}],"wp:featuredmedia":[{"embeddable":true,"href":"https:\/\/haberbesiktas.tr\/index.php?rest_route=\/wp\/v2\/media\/50847"}],"wp:attachment":[{"href":"https:\/\/haberbesiktas.tr\/index.php?rest_route=%2Fwp%2Fv2%2Fmedia&parent=50846"}],"wp:term":[{"taxonomy":"category","embeddable":true,"href":"https:\/\/haberbesiktas.tr\/index.php?rest_route=%2Fwp%2Fv2%2Fcategories&post=50846"},{"taxonomy":"post_tag","embeddable":true,"href":"https:\/\/haberbesiktas.tr\/index.php?rest_route=%2Fwp%2Fv2%2Ftags&post=50846"}],"curies":[{"name":"wp","href":"https:\/\/api.w.org\/{rel}","templated":true}]}}