{"id":50849,"date":"2026-01-19T07:36:04","date_gmt":"2026-01-19T07:36:04","guid":{"rendered":"https:\/\/haberbesiktas.tr\/?p=50849"},"modified":"2026-01-19T07:36:04","modified_gmt":"2026-01-19T07:36:04","slug":"fenerbahcede-ngolo-kante-toplantisi","status":"publish","type":"post","link":"https:\/\/haberbesiktas.tr\/?p=50849","title":{"rendered":"Fenerbah\u00e7e&#8217;de N&#8217;Golo Kante toplant\u0131s\u0131!"},"content":{"rendered":"<div>\n<p>Transfer \u00e7al\u0131\u015fmalar\u0131n\u0131 s\u00fcrd\u00fcren ve N&#8217;Golo Kante i\u00e7in Dubai&#8217;ye giden Fenerbah\u00e7eli y\u00f6neticiler, T\u00fcrkiye&#8217;ye d\u00f6nd\u00fc.<\/p>\n<p> Dubai&#8217;ye giden y\u00f6neticilerden Ertan Toruno\u011fullar\u0131, \u00d6mer Topba\u015f ve sportif y\u00f6netici Devin \u00d6zek, Al-Ittihad kul\u00fcb\u00fc yetkilileri ile g\u00f6r\u00fc\u015ft\u00fckten sonra geri geldi.<\/p>\n<p> <strong>&#8220;\u00c7\u0130ZM\u0130\u015e OLDU\u011eUMUZ B\u0130R YOL HAR\u0130TASI VAR&#8221;<\/strong> <\/p>\n<p> Ertan Toruno\u011fullar\u0131, havaliman\u0131nda yapt\u0131\u011f\u0131 a\u00e7\u0131klamada <strong>&#8220;\u00c7izmi\u015f oldu\u011fumuz bir yol haritas\u0131 ve planlama var. Bu planlama do\u011frultusunda devam ediyoruz.&#8221;<\/strong> dedi.<\/p>\n<p> <strong>&#8220;\u00c7ALI\u015eMALARIMIZ DEVAM ED\u0130YOR&#8221;<\/strong><\/p>\n<p> Ayr\u0131yeten Ertan Toruno\u011fullar\u0131 <strong>&#8220;Hem Ocak ay\u0131, hem de yaz transferi i\u00e7in \u00e7al\u0131\u015fmalar\u0131m\u0131z devam ediyor. Hem liderimiz, hem de teknik y\u00f6neticimizle bir toplant\u0131 yapaca\u011f\u0131z.&#8221;<\/strong> tabirlerini kulland\u0131.<\/p>\n<p> Al-Ittihad&#8217;\u0131n prensipte anla\u015f\u0131lan N&#8217;Golo Kante i\u00e7in bonservis istemesinin akabinde sar\u0131-lacivertli idare, transfer s\u00fcrecini masaya yat\u0131racak. 34 ya\u015f\u0131ndaki futbolcu i\u00e7in bu toplant\u0131da kesin karar verilecek.<\/p>\n<\/div>\n","protected":false},"excerpt":{"rendered":"<p>N&#8217;Golo Kante i\u00e7in Dubai&#8217;ye giden Fenerbah\u00e7eli y\u00f6neticiler T\u00fcrkiye&#8217;ye d\u00f6nd\u00fc.<\/p>\n","protected":false},"author":1,"featured_media":50850,"comment_status":"open","ping_status":"open","sticky":false,"template":"","format":"standard","meta":{"footnotes":""},"categories":[25],"tags":[],"class_list":["post-50849","post","type-post","status-publish","format-standard","has-post-thumbnail","hentry","category-futbol"],"_links":{"self":[{"href":"https:\/\/haberbesiktas.tr\/index.php?rest_route=\/wp\/v2\/posts\/50849","targetHints":{"allow":["GET"]}}],"collection":[{"href":"https:\/\/haberbesiktas.tr\/index.php?rest_route=\/wp\/v2\/posts"}],"about":[{"href":"https:\/\/haberbesiktas.tr\/index.php?rest_route=\/wp\/v2\/types\/post"}],"author":[{"embeddable":true,"href":"https:\/\/haberbesiktas.tr\/index.php?rest_route=\/wp\/v2\/users\/1"}],"replies":[{"embeddable":true,"href":"https:\/\/haberbesiktas.tr\/index.php?rest_route=%2Fwp%2Fv2%2Fcomments&post=50849"}],"version-history":[{"count":1,"href":"https:\/\/haberbesiktas.tr\/index.php?rest_route=\/wp\/v2\/posts\/50849\/revisions"}],"predecessor-version":[{"id":50851,"href":"https:\/\/haberbesiktas.tr\/index.php?rest_route=\/wp\/v2\/posts\/50849\/revisions\/50851"}],"wp:featuredmedia":[{"embeddable":true,"href":"https:\/\/haberbesiktas.tr\/index.php?rest_route=\/wp\/v2\/media\/50850"}],"wp:attachment":[{"href":"https:\/\/haberbesiktas.tr\/index.php?rest_route=%2Fwp%2Fv2%2Fmedia&parent=50849"}],"wp:term":[{"taxonomy":"category","embeddable":true,"href":"https:\/\/haberbesiktas.tr\/index.php?rest_route=%2Fwp%2Fv2%2Fcategories&post=50849"},{"taxonomy":"post_tag","embeddable":true,"href":"https:\/\/haberbesiktas.tr\/index.php?rest_route=%2Fwp%2Fv2%2Ftags&post=50849"}],"curies":[{"name":"wp","href":"https:\/\/api.w.org\/{rel}","templated":true}]}}