{"id":50858,"date":"2026-01-19T08:12:03","date_gmt":"2026-01-19T08:12:03","guid":{"rendered":"https:\/\/haberbesiktas.tr\/?p=50858"},"modified":"2026-01-19T08:12:03","modified_gmt":"2026-01-19T08:12:03","slug":"victor-osimhen-istanbulda","status":"publish","type":"post","link":"https:\/\/haberbesiktas.tr\/?p=50858","title":{"rendered":"Victor Osimhen \u0130stanbul&#8217;da"},"content":{"rendered":"<div>Galatasaray&#8217;\u0131n Nijeryal\u0131 golc\u00fcs\u00fc Victor Osimhen, Afrika Uluslar Kupas\u0131&#8217;n\u0131n akabinde \u0130stanbul&#8217;a d\u00f6nd\u00fc.<\/p>\n<p> Victor Osimhen&#8217;in Galatasaray&#8217;\u0131n bug\u00fcnk\u00fc antrenman\u0131nda yer almas\u0131 bekleniyor.<\/p>\n<p>Osimhen&#8217;in rastgele bir k\u00fclfet \u00e7\u0131kmamas\u0131 halinde Atletico Madrid ma\u00e7\u0131na birinci 11&#8217;de ba\u015flayaca\u011f\u0131 kaydediliyor.<\/p>\n<\/div>\n","protected":false},"excerpt":{"rendered":"<p>Galatasaray&#8217;\u0131n Nijeryal\u0131 y\u0131ld\u0131z\u0131 Victor Osimhen, \u0130stanbul&#8217;a geldi.<\/p>\n","protected":false},"author":1,"featured_media":50859,"comment_status":"open","ping_status":"open","sticky":false,"template":"","format":"standard","meta":{"footnotes":""},"categories":[25],"tags":[],"class_list":["post-50858","post","type-post","status-publish","format-standard","has-post-thumbnail","hentry","category-futbol"],"_links":{"self":[{"href":"https:\/\/haberbesiktas.tr\/index.php?rest_route=\/wp\/v2\/posts\/50858","targetHints":{"allow":["GET"]}}],"collection":[{"href":"https:\/\/haberbesiktas.tr\/index.php?rest_route=\/wp\/v2\/posts"}],"about":[{"href":"https:\/\/haberbesiktas.tr\/index.php?rest_route=\/wp\/v2\/types\/post"}],"author":[{"embeddable":true,"href":"https:\/\/haberbesiktas.tr\/index.php?rest_route=\/wp\/v2\/users\/1"}],"replies":[{"embeddable":true,"href":"https:\/\/haberbesiktas.tr\/index.php?rest_route=%2Fwp%2Fv2%2Fcomments&post=50858"}],"version-history":[{"count":1,"href":"https:\/\/haberbesiktas.tr\/index.php?rest_route=\/wp\/v2\/posts\/50858\/revisions"}],"predecessor-version":[{"id":50860,"href":"https:\/\/haberbesiktas.tr\/index.php?rest_route=\/wp\/v2\/posts\/50858\/revisions\/50860"}],"wp:featuredmedia":[{"embeddable":true,"href":"https:\/\/haberbesiktas.tr\/index.php?rest_route=\/wp\/v2\/media\/50859"}],"wp:attachment":[{"href":"https:\/\/haberbesiktas.tr\/index.php?rest_route=%2Fwp%2Fv2%2Fmedia&parent=50858"}],"wp:term":[{"taxonomy":"category","embeddable":true,"href":"https:\/\/haberbesiktas.tr\/index.php?rest_route=%2Fwp%2Fv2%2Fcategories&post=50858"},{"taxonomy":"post_tag","embeddable":true,"href":"https:\/\/haberbesiktas.tr\/index.php?rest_route=%2Fwp%2Fv2%2Ftags&post=50858"}],"curies":[{"name":"wp","href":"https:\/\/api.w.org\/{rel}","templated":true}]}}