{"id":50861,"date":"2026-01-19T08:24:04","date_gmt":"2026-01-19T08:24:04","guid":{"rendered":"https:\/\/haberbesiktas.tr\/?p=50861"},"modified":"2026-01-19T08:24:04","modified_gmt":"2026-01-19T08:24:04","slug":"galatasarayda-altyapi-krizi","status":"publish","type":"post","link":"https:\/\/haberbesiktas.tr\/?p=50861","title":{"rendered":"Galatasaray&#8217;da altyap\u0131 krizi"},"content":{"rendered":"<div>Galatasaray altyap\u0131s\u0131n\u0131n son periyotta en \u00e7ok konu\u015fulan isimlerinden biri olan Davet Hakan Balta ile ilgili ya\u015fanan geli\u015fmeler dikkat \u00e7ekiyor.<\/p>\n<p> Sar\u0131-k\u0131rm\u0131z\u0131l\u0131 grubun Fethiyespor ile oynad\u0131\u011f\u0131 kupa ma\u00e7\u0131nda tak\u0131ma al\u0131nmamas\u0131 geni\u015f yank\u0131 uyand\u0131ran gen\u00e7 forvetin, pazar g\u00fcn\u00fc oynanan U19 m\u00fcsabakas\u0131n\u0131n tak\u0131m\u0131nda da bulunmamas\u0131 soru i\u015faretlerini art\u0131rd\u0131.<\/p>\n<p> <strong>S\u00d6ZLE\u015eME \u0130MZALAMADI\u011eI \u0130\u00c7\u0130N TAKIMA ALINMADI<\/strong> <\/p>\n<p> Profesyonel kontrat imzalamam\u0131\u015f olmas\u0131 nedeniyle kupa ma\u00e7\u0131nda tak\u0131ma dahil edilmedi\u011fi belirtilen 2008 do\u011fumlu oyuncunun, U19 grubunda da forma giymemesi, taraflar\u0131n gelecek planlamas\u0131nda kritik bir etaba geldi\u011fi bi\u00e7iminde yorumland\u0131.<\/p>\n<p> <strong>U19 L\u0130G\u0130&#8217;NDE GOL H\u00dcK\u00dcMDARI OLDU<\/strong><\/p>\n<p> Ge\u00e7ti\u011fimiz d\u00f6nem U19 Ligi&#8217;nde gol h\u00fck\u00fcmdar\u0131 olan Davet Hakan Balta, bu sezon da ligde 5 gol kaydederken UEFA Gen\u00e7lik Ligi&#8217;nde oynanan t\u00fcm ma\u00e7larda m\u00fcddet alarak istikrarl\u0131 bir performans ortaya koymu\u015ftu.<\/p>\n<p> <strong>YEN\u0130 MUKAVELEYE SICAK BAKMIYOR<\/strong><\/p>\n<p> Galatasaray&#8217;da m\u00fchlet alamayaca\u011f\u0131na inanan Davet Balta, kontrat imzalamaya s\u0131cak bakm\u0131yor.<\/p>\n<p> <strong>DAHA \u00c7OK OYNAMAK \u0130ST\u0130YOR<\/strong><\/p>\n<p> Davet Hakan&#8217;\u0131n &#8220;oynayarak geli\u015fme&#8221; maksad\u0131n\u0131n planlamada belirleyici \u00f6ge oldu\u011fu \u00f6\u011frenildi. Avrupa&#8217;dan kimi kul\u00fcplerin scout gruplar\u0131 taraf\u0131ndan da yak\u0131ndan takip edilen gen\u00e7 forvetle ilgili s\u00fcrecin nas\u0131l sonu\u00e7lanaca\u011f\u0131 merak konusu&#8230;.<\/p>\n<p> \u00a0<\/p>\n<\/div>\n","protected":false},"excerpt":{"rendered":"<p>Galatasaray U19 ekibinin y\u0131ld\u0131z\u0131 Davet Balta&#8217;n\u0131n oynamak istedi\u011fi i\u00e7in yeni mukavele teklifini geri \u00e7evirdi\u011fi ortaya \u00e7\u0131kt\u0131.<\/p>\n","protected":false},"author":1,"featured_media":50862,"comment_status":"open","ping_status":"open","sticky":false,"template":"","format":"standard","meta":{"footnotes":""},"categories":[25],"tags":[],"class_list":["post-50861","post","type-post","status-publish","format-standard","has-post-thumbnail","hentry","category-futbol"],"_links":{"self":[{"href":"https:\/\/haberbesiktas.tr\/index.php?rest_route=\/wp\/v2\/posts\/50861","targetHints":{"allow":["GET"]}}],"collection":[{"href":"https:\/\/haberbesiktas.tr\/index.php?rest_route=\/wp\/v2\/posts"}],"about":[{"href":"https:\/\/haberbesiktas.tr\/index.php?rest_route=\/wp\/v2\/types\/post"}],"author":[{"embeddable":true,"href":"https:\/\/haberbesiktas.tr\/index.php?rest_route=\/wp\/v2\/users\/1"}],"replies":[{"embeddable":true,"href":"https:\/\/haberbesiktas.tr\/index.php?rest_route=%2Fwp%2Fv2%2Fcomments&post=50861"}],"version-history":[{"count":1,"href":"https:\/\/haberbesiktas.tr\/index.php?rest_route=\/wp\/v2\/posts\/50861\/revisions"}],"predecessor-version":[{"id":50863,"href":"https:\/\/haberbesiktas.tr\/index.php?rest_route=\/wp\/v2\/posts\/50861\/revisions\/50863"}],"wp:featuredmedia":[{"embeddable":true,"href":"https:\/\/haberbesiktas.tr\/index.php?rest_route=\/wp\/v2\/media\/50862"}],"wp:attachment":[{"href":"https:\/\/haberbesiktas.tr\/index.php?rest_route=%2Fwp%2Fv2%2Fmedia&parent=50861"}],"wp:term":[{"taxonomy":"category","embeddable":true,"href":"https:\/\/haberbesiktas.tr\/index.php?rest_route=%2Fwp%2Fv2%2Fcategories&post=50861"},{"taxonomy":"post_tag","embeddable":true,"href":"https:\/\/haberbesiktas.tr\/index.php?rest_route=%2Fwp%2Fv2%2Ftags&post=50861"}],"curies":[{"name":"wp","href":"https:\/\/api.w.org\/{rel}","templated":true}]}}