{"id":50864,"date":"2026-01-19T08:36:03","date_gmt":"2026-01-19T08:36:03","guid":{"rendered":"https:\/\/haberbesiktas.tr\/?p=50864"},"modified":"2026-01-19T08:36:03","modified_gmt":"2026-01-19T08:36:03","slug":"yusuf-demirin-talipleri-1-ligden","status":"publish","type":"post","link":"https:\/\/haberbesiktas.tr\/?p=50864","title":{"rendered":"Yusuf Demir&#8217;in talipleri 1. Lig&#8217;den"},"content":{"rendered":"<div>Galatasaray&#8217;da teknik y\u00f6netici Okan Buruk&#8217;un bir kere daha yollar\u0131n ayr\u0131laca\u011f\u0131n\u0131 vurgulad\u0131\u011f\u0131 Yusuf Demir&#8217;e \u00dcst\u00fcn Lig&#8217;den talip \u00e7\u0131kmad\u0131.<\/p>\n<p> Gen\u00e7 oyuncu h\u00e2l\u00e2 ayr\u0131lmama konusunda direniyor.<\/p>\n<p> Edinilen bilgiye nazaran Yusuf Demir&#8217;e \u015fu ana kadarki en s\u0131cak ilgi 1. Lig temsilcisi Amedspor&#8217;dan\u2026<\/p>\n<p> Ayr\u0131yeten I\u011fd\u0131r FK&#8217;n\u0131n da Yusuf i\u00e7in devrede oldu\u011fu konu\u015fuluyor.<\/p>\n<p> \u00a0<\/p>\n<\/div>\n","protected":false},"excerpt":{"rendered":"<p>Galatasaray&#8217;da g\u00f6nderilecekler listesinde birinci s\u0131rada yer alan Yusuf Demir i\u00e7in yaln\u0131zca 1. Lig&#8217;den talipler var.<\/p>\n","protected":false},"author":1,"featured_media":50865,"comment_status":"open","ping_status":"open","sticky":false,"template":"","format":"standard","meta":{"footnotes":""},"categories":[25],"tags":[],"class_list":["post-50864","post","type-post","status-publish","format-standard","has-post-thumbnail","hentry","category-futbol"],"_links":{"self":[{"href":"https:\/\/haberbesiktas.tr\/index.php?rest_route=\/wp\/v2\/posts\/50864","targetHints":{"allow":["GET"]}}],"collection":[{"href":"https:\/\/haberbesiktas.tr\/index.php?rest_route=\/wp\/v2\/posts"}],"about":[{"href":"https:\/\/haberbesiktas.tr\/index.php?rest_route=\/wp\/v2\/types\/post"}],"author":[{"embeddable":true,"href":"https:\/\/haberbesiktas.tr\/index.php?rest_route=\/wp\/v2\/users\/1"}],"replies":[{"embeddable":true,"href":"https:\/\/haberbesiktas.tr\/index.php?rest_route=%2Fwp%2Fv2%2Fcomments&post=50864"}],"version-history":[{"count":1,"href":"https:\/\/haberbesiktas.tr\/index.php?rest_route=\/wp\/v2\/posts\/50864\/revisions"}],"predecessor-version":[{"id":50866,"href":"https:\/\/haberbesiktas.tr\/index.php?rest_route=\/wp\/v2\/posts\/50864\/revisions\/50866"}],"wp:featuredmedia":[{"embeddable":true,"href":"https:\/\/haberbesiktas.tr\/index.php?rest_route=\/wp\/v2\/media\/50865"}],"wp:attachment":[{"href":"https:\/\/haberbesiktas.tr\/index.php?rest_route=%2Fwp%2Fv2%2Fmedia&parent=50864"}],"wp:term":[{"taxonomy":"category","embeddable":true,"href":"https:\/\/haberbesiktas.tr\/index.php?rest_route=%2Fwp%2Fv2%2Fcategories&post=50864"},{"taxonomy":"post_tag","embeddable":true,"href":"https:\/\/haberbesiktas.tr\/index.php?rest_route=%2Fwp%2Fv2%2Ftags&post=50864"}],"curies":[{"name":"wp","href":"https:\/\/api.w.org\/{rel}","templated":true}]}}