{"id":50867,"date":"2026-01-19T08:48:04","date_gmt":"2026-01-19T08:48:04","guid":{"rendered":"https:\/\/haberbesiktas.tr\/?p=50867"},"modified":"2026-01-19T08:48:04","modified_gmt":"2026-01-19T08:48:04","slug":"trabzonsporda-sol-bek-transferinde-mutlu-son-mathias-lovik","status":"publish","type":"post","link":"https:\/\/haberbesiktas.tr\/?p=50867","title":{"rendered":"Trabzonspor&#8217;da sol bek transferinde mutlu son: Mathias Lovik"},"content":{"rendered":"<div>\n<p>S\u00fcper Lig&#8217;in 18.haftas\u0131nda Kocaelispor&#8217;u deplasmanda 2-1 ma\u011flup eden Trabzonspor&#8217;da s\u0131cak geli\u015fmeler ya\u015fan\u0131yor. Transfer \u00e7al\u0131\u015fmalar\u0131n\u0131 s\u00fcrd\u00fcren bordo-mavililer sol bek transferinde memnun sona ula\u015ft\u0131.<\/p>\n<p> Trabzonspor, \u0130talya Serie A&#8217;da Parma formas\u0131 giyen Norve\u00e7li sol bek <strong>Mathias Lovik<\/strong>&#8216;in transferi i\u00e7in prensip mutabakat\u0131na vard\u0131. Lovik, sal\u0131 g\u00fcn\u00fc kente gelecek.\u00a0<\/p>\n<p> Karadeniz devinin, Serie A tak\u0131m\u0131 ile gen\u00e7 savunma oyuncusu i\u00e7in 3 milyon euro&#8217;ya anla\u015ft\u0131\u011f\u0131 belirtildi. 1.83 uzunlu\u011fundaki futbolcu, sa\u011f bekte ve orta sahan\u0131n solunda da misyon yapabiliyor. <\/p>\n<p> Lovik&#8217;in T\u00fcrkiye&#8217;ye getirilip s\u0131hhat denetiminden ge\u00e7irilmesi ve 4.5 y\u0131ll\u0131k kontrat imzalanmas\u0131 bekleniyor.<\/p>\n<p> <strong>BU SEZON L\u0130GDE 9 MA\u00c7TA OYNADI<\/strong><\/p>\n<p> Bu d\u00f6nem Serie A&#8217;da 9 (472 dakika), \u0130talya Kupas\u0131&#8217;nda 3, (270 dakika 1 asist) ve Konferans Ligi&#8217;nde 5 ma\u00e7ta (270 dakika forma giyen Lovik, Norve\u00e7 U21&#8217;de de 7 kere ter d\u00f6kt\u00fc. Kendini hem savunmada hem hamlede geli\u015ftiren, sol bek olarak iki istikametli katk\u0131 verebilecek gen\u00e7 futbolcuya scout tak\u0131m\u0131 onay verdikten sonra at\u0131l\u0131m yap\u0131ld\u0131.<\/p>\n<p> Serie A d\u00fczeyine ahenk s\u00fcrecinde olsa da gen\u00e7 ya\u015f\u0131na kar\u015f\u0131n deneyim kazand\u0131 ve potansiyeli y\u00fcksek bir profil \u00e7iziyor.<\/p>\n<\/div>\n","protected":false},"excerpt":{"rendered":"<p>Trabzonspor, Parma formas\u0131 giyen Norve\u00e7li sol bek Mathias Lovik i\u00e7in 3 milyon euro kar\u015f\u0131l\u0131\u011f\u0131nda prensip muahedesine vard\u0131. Gen\u00e7 oyuncunun sal\u0131 g\u00fcn\u00fc Trabzon&#8217;a gelmesi bekleniyor.<\/p>\n","protected":false},"author":1,"featured_media":50868,"comment_status":"open","ping_status":"open","sticky":false,"template":"","format":"standard","meta":{"footnotes":""},"categories":[25],"tags":[594],"class_list":["post-50867","post","type-post","status-publish","format-standard","has-post-thumbnail","hentry","category-futbol","tag-bek"],"_links":{"self":[{"href":"https:\/\/haberbesiktas.tr\/index.php?rest_route=\/wp\/v2\/posts\/50867","targetHints":{"allow":["GET"]}}],"collection":[{"href":"https:\/\/haberbesiktas.tr\/index.php?rest_route=\/wp\/v2\/posts"}],"about":[{"href":"https:\/\/haberbesiktas.tr\/index.php?rest_route=\/wp\/v2\/types\/post"}],"author":[{"embeddable":true,"href":"https:\/\/haberbesiktas.tr\/index.php?rest_route=\/wp\/v2\/users\/1"}],"replies":[{"embeddable":true,"href":"https:\/\/haberbesiktas.tr\/index.php?rest_route=%2Fwp%2Fv2%2Fcomments&post=50867"}],"version-history":[{"count":1,"href":"https:\/\/haberbesiktas.tr\/index.php?rest_route=\/wp\/v2\/posts\/50867\/revisions"}],"predecessor-version":[{"id":50869,"href":"https:\/\/haberbesiktas.tr\/index.php?rest_route=\/wp\/v2\/posts\/50867\/revisions\/50869"}],"wp:featuredmedia":[{"embeddable":true,"href":"https:\/\/haberbesiktas.tr\/index.php?rest_route=\/wp\/v2\/media\/50868"}],"wp:attachment":[{"href":"https:\/\/haberbesiktas.tr\/index.php?rest_route=%2Fwp%2Fv2%2Fmedia&parent=50867"}],"wp:term":[{"taxonomy":"category","embeddable":true,"href":"https:\/\/haberbesiktas.tr\/index.php?rest_route=%2Fwp%2Fv2%2Fcategories&post=50867"},{"taxonomy":"post_tag","embeddable":true,"href":"https:\/\/haberbesiktas.tr\/index.php?rest_route=%2Fwp%2Fv2%2Ftags&post=50867"}],"curies":[{"name":"wp","href":"https:\/\/api.w.org\/{rel}","templated":true}]}}