{"id":50911,"date":"2026-01-19T11:36:05","date_gmt":"2026-01-19T11:36:05","guid":{"rendered":"https:\/\/haberbesiktas.tr\/?p=50911"},"modified":"2026-01-19T11:36:05","modified_gmt":"2026-01-19T11:36:05","slug":"trabzonsporda-ernest-muci-firtinasi","status":"publish","type":"post","link":"https:\/\/haberbesiktas.tr\/?p=50911","title":{"rendered":"Trabzonspor&#8217;da Ernest Mu\u00e7i f\u0131rt\u0131nas\u0131!"},"content":{"rendered":"<div>\n<p>Trendyol Harika Lig&#8217;in 18. haftas\u0131nda deplasmanda Kocaelispor&#8217;u 2-1 yenerek tepe yar\u0131\u015f\u0131n\u0131 s\u00fcrd\u00fcren Trabzonspor&#8217;da galibiyet gol\u00fcn\u00fc kaydeden Ernest Mu\u00e7i, mesle\u011finin en parlak g\u00fcnlerini ya\u015f\u0131yor.<\/p>\n<p> Be\u015fikta\u015f&#8217;tan d\u00f6nem ba\u015flad\u0131ktan sonra 1 milyon avroya kiralanan Arnavut futbolcu, siyah-beyazl\u0131 formayla 1,5 sezonluk lig mesle\u011finde 7 gol atarken, bordo-mavili ekipte ise 8 gole ula\u015farak k\u0131sa m\u00fcddette bu say\u0131y\u0131 ge\u00e7ti.<\/p>\n<p> 2023-2024 d\u00f6neminin devre ortas\u0131nda geldi\u011fi Be\u015fikta\u015f&#8217;ta 13 lig ma\u00e7\u0131nda 3 gol atan Mu\u00e7i, ge\u00e7en d\u00f6nem da bu kulvarda alana \u00e7\u0131kt\u0131\u011f\u0131 27 ma\u00e7ta 4 kere a\u011flar\u0131 havaland\u0131rd\u0131. <\/p>\n<p> S\u00fcper Lig&#8217;de Be\u015fikta\u015f formas\u0131yla 7 gol\u00fc bulunan Mu\u00e7i, Trabzonspor&#8217;da ise vazife ald\u0131\u011f\u0131 14 kar\u015f\u0131la\u015fmada 8 kere topu filelere g\u00f6nderdi.<\/p>\n<p> <strong>TOPLAMDA 10 GOLE ULA\u015eTI<\/strong><\/p>\n<p> Ernest Mu\u00e7i, Trabzonspor formas\u0131yla bu d\u00f6nem 10 gol atma ba\u015far\u0131s\u0131 g\u00f6sterdi.<\/p>\n<p> Arnavut futbolcu, Karadeniz grubunda son 10 resmi m\u00fcsabakada grubuna en \u00e7ok skor katk\u0131s\u0131n\u0131 veren oyuncu oldu.<\/p>\n<p> Bordo-mavili futbolcu, S\u00fcper Lig&#8217;de son 6 m\u00fcsabakada 8 gole, Ziraat T\u00fcrkiye Kupas\u0131&#8217;nda 3 kar\u015f\u0131la\u015fmada 2 gole imza atarken, Galatasaray ile yap\u0131lan Harika Kupa ma\u00e7\u0131n\u0131 ise gols\u00fcz tamamlad\u0131.<\/p>\n<p> <strong>L\u0130GDE GOL ATTI\u011eI MA\u00c7LARDA 13 PUAN KAZANDIRDI\u00a0<\/strong><\/p>\n<p> Trabzonspor, Ernest Mu\u00e7i&#8217;nin S\u00fcper Lig&#8217;de gol att\u0131\u011f\u0131 m\u00fcsabakalarda hanesine 13 puan yazd\u0131rd\u0131.<\/p>\n<p> Bordo-mavili ekipteki birinci g\u00fcnlerinde tenkitlerin oda\u011f\u0131nda olan lakin teknik y\u00f6netici Fatih Tekke&#8217;nin itimad\u0131yla forma baht\u0131 bulmaya devam eden Mu\u00e7i, son haftalarda ekibine adeta hayat verdi.<\/p>\n<p> Karadeniz tak\u0131m\u0131, Arnavut futbolcunun skor \u00fcretti\u011fi son 6 m\u00fcsabakadan 4 galibiyet, bir beraberlik ve bir yenilgiyle ayr\u0131ld\u0131.<\/p>\n<p> Mu\u00e7i, Trabzonspor&#8217;un galibiyetle ayr\u0131ld\u0131\u011f\u0131 RAMS Ba\u015fak\u015fehir ve G\u00f6ztepe ma\u00e7lar\u0131nda iki\u015fer, T\u00dcMOSAN Konyaspor ve Kocaelispor kar\u015f\u0131la\u015fmalar\u0131nda ise birer kere a\u011flar\u0131 havaland\u0131rd\u0131.<\/p>\n<p> Arnavut futbolcu, berabere kald\u0131klar\u0131 Be\u015fikta\u015f ile kaybettikleri Gen\u00e7lerbirli\u011fi m\u00fcsabakalar\u0131nda ise birer defa topu filelere g\u00f6nderdi.<\/p>\n<\/div>\n","protected":false},"excerpt":{"rendered":"<p>Be\u015fikta\u015f&#8217;tan kiral\u0131k olarak geldi\u011fi Trabzonspor&#8217;da mesle\u011finin en parlak devrini ya\u015fayan Ernest Mu\u00e7i, bordo-mavili formayla lig ve kupada 10 gole ula\u015farak kadrosunu tepe yar\u0131\u015f\u0131nda s\u0131rtlayan isim oldu.<\/p>\n","protected":false},"author":1,"featured_media":50912,"comment_status":"open","ping_status":"open","sticky":false,"template":"","format":"standard","meta":{"footnotes":""},"categories":[25],"tags":[77,51,3761,57,98],"class_list":["post-50911","post","type-post","status-publish","format-standard","has-post-thumbnail","hentry","category-futbol","tag-gol","tag-lig","tag-muci","tag-sezon","tag-trabzonspor"],"_links":{"self":[{"href":"https:\/\/haberbesiktas.tr\/index.php?rest_route=\/wp\/v2\/posts\/50911","targetHints":{"allow":["GET"]}}],"collection":[{"href":"https:\/\/haberbesiktas.tr\/index.php?rest_route=\/wp\/v2\/posts"}],"about":[{"href":"https:\/\/haberbesiktas.tr\/index.php?rest_route=\/wp\/v2\/types\/post"}],"author":[{"embeddable":true,"href":"https:\/\/haberbesiktas.tr\/index.php?rest_route=\/wp\/v2\/users\/1"}],"replies":[{"embeddable":true,"href":"https:\/\/haberbesiktas.tr\/index.php?rest_route=%2Fwp%2Fv2%2Fcomments&post=50911"}],"version-history":[{"count":1,"href":"https:\/\/haberbesiktas.tr\/index.php?rest_route=\/wp\/v2\/posts\/50911\/revisions"}],"predecessor-version":[{"id":50913,"href":"https:\/\/haberbesiktas.tr\/index.php?rest_route=\/wp\/v2\/posts\/50911\/revisions\/50913"}],"wp:featuredmedia":[{"embeddable":true,"href":"https:\/\/haberbesiktas.tr\/index.php?rest_route=\/wp\/v2\/media\/50912"}],"wp:attachment":[{"href":"https:\/\/haberbesiktas.tr\/index.php?rest_route=%2Fwp%2Fv2%2Fmedia&parent=50911"}],"wp:term":[{"taxonomy":"category","embeddable":true,"href":"https:\/\/haberbesiktas.tr\/index.php?rest_route=%2Fwp%2Fv2%2Fcategories&post=50911"},{"taxonomy":"post_tag","embeddable":true,"href":"https:\/\/haberbesiktas.tr\/index.php?rest_route=%2Fwp%2Fv2%2Ftags&post=50911"}],"curies":[{"name":"wp","href":"https:\/\/api.w.org\/{rel}","templated":true}]}}