{"id":5100,"date":"2025-01-20T23:24:02","date_gmt":"2025-01-20T23:24:02","guid":{"rendered":"https:\/\/haberbesiktas.tr\/?p=5100"},"modified":"2025-01-20T23:24:02","modified_gmt":"2025-01-20T23:24:02","slug":"besiktasta-jean-onananin-rotasi-italya","status":"publish","type":"post","link":"https:\/\/haberbesiktas.tr\/?p=5100","title":{"rendered":"Be\u015fikta\u015f&#8217;ta Jean Onana&#8217;n\u0131n rotas\u0131 \u0130talya!"},"content":{"rendered":"<div>\n<p>Be\u015fikta\u015f&#8217;ta gidecekler listesinin birinci s\u0131ras\u0131ndaki Jean Onana, Fransa&#8217;dan istedi\u011fini bulamazsa \u0130talya&#8217;ya rotas\u0131n\u0131 \u00e7evirecek.<\/p>\n<p> Kamerunlu orta sahan\u0131n temsilcileri Ligue 1 gruplar\u0131 ile temas kurarken, Serie A ve Serie B gruplar\u0131na da odaklanacak.<\/p>\n<p> <strong>\u0130TALYA GRUPLARININ \u0130LG\u0130S\u0130 C\u0130DD\u0130<\/strong><\/p>\n<p> 25 ya\u015f\u0131ndaki oyuncuya \u0130talyan tak\u0131mlar\u0131n\u0131n kiral\u0131k olarak \u00f6nemli bir ilgisinin oldu\u011fu bildirildi. <\/p>\n<p> \u00a0<\/p>\n<\/div>\n","protected":false},"excerpt":{"rendered":"<p>Be\u015fikta\u015f&#8217;\u0131n Kamerunlu oyuncusu Jean Onana, Fransa&#8217;dan istedi\u011fini bulamazsa rotas\u0131n\u0131 \u0130talya&#8217;ya \u00e7evirecek.<\/p>\n","protected":false},"author":1,"featured_media":5101,"comment_status":"open","ping_status":"open","sticky":false,"template":"","format":"standard","meta":{"footnotes":""},"categories":[25],"tags":[],"class_list":["post-5100","post","type-post","status-publish","format-standard","has-post-thumbnail","hentry","category-futbol"],"_links":{"self":[{"href":"https:\/\/haberbesiktas.tr\/index.php?rest_route=\/wp\/v2\/posts\/5100","targetHints":{"allow":["GET"]}}],"collection":[{"href":"https:\/\/haberbesiktas.tr\/index.php?rest_route=\/wp\/v2\/posts"}],"about":[{"href":"https:\/\/haberbesiktas.tr\/index.php?rest_route=\/wp\/v2\/types\/post"}],"author":[{"embeddable":true,"href":"https:\/\/haberbesiktas.tr\/index.php?rest_route=\/wp\/v2\/users\/1"}],"replies":[{"embeddable":true,"href":"https:\/\/haberbesiktas.tr\/index.php?rest_route=%2Fwp%2Fv2%2Fcomments&post=5100"}],"version-history":[{"count":1,"href":"https:\/\/haberbesiktas.tr\/index.php?rest_route=\/wp\/v2\/posts\/5100\/revisions"}],"predecessor-version":[{"id":5102,"href":"https:\/\/haberbesiktas.tr\/index.php?rest_route=\/wp\/v2\/posts\/5100\/revisions\/5102"}],"wp:featuredmedia":[{"embeddable":true,"href":"https:\/\/haberbesiktas.tr\/index.php?rest_route=\/wp\/v2\/media\/5101"}],"wp:attachment":[{"href":"https:\/\/haberbesiktas.tr\/index.php?rest_route=%2Fwp%2Fv2%2Fmedia&parent=5100"}],"wp:term":[{"taxonomy":"category","embeddable":true,"href":"https:\/\/haberbesiktas.tr\/index.php?rest_route=%2Fwp%2Fv2%2Fcategories&post=5100"},{"taxonomy":"post_tag","embeddable":true,"href":"https:\/\/haberbesiktas.tr\/index.php?rest_route=%2Fwp%2Fv2%2Ftags&post=5100"}],"curies":[{"name":"wp","href":"https:\/\/api.w.org\/{rel}","templated":true}]}}