{"id":51217,"date":"2026-01-20T09:36:04","date_gmt":"2026-01-20T09:36:04","guid":{"rendered":"https:\/\/haberbesiktas.tr\/?p=51217"},"modified":"2026-01-20T09:36:04","modified_gmt":"2026-01-20T09:36:04","slug":"fenerbahce-medicana-ok-alpacem-kanala-karsi","status":"publish","type":"post","link":"https:\/\/haberbesiktas.tr\/?p=51217","title":{"rendered":"Fenerbah\u00e7e Medicana, OK Alpacem Kanal&#8217;a kar\u015f\u0131"},"content":{"rendered":"<div>\n<div><span>Fenerbah\u00e7e Medicana Erkek Voleybol Ekibi, CEV Kupas\u0131 8&#8217;li final \u00e7e\u015fidi birinci ma\u00e7\u0131nda 21 Ocak \u00c7ar\u015famba g\u00fcn\u00fc Slovenya&#8217;n\u0131n OK Alpacem Kanal grubuyla deplasmanda kar\u015f\u0131 kar\u015f\u0131ya gelecek.<br \/><\/span><br \/>Sportna Dvorana&#8217;da oynanacak u\u011fra\u015f TS\u0130 21.00&#8217;de ba\u015flayacak.<\/p>\n<p>Kar\u015f\u0131la\u015fmada Bartlomiej Adamczyk (Polonya) ve Rene Cinatl (\u00c7ekya) hakem ikilisi misyon yapacak.<\/p>\n<p>CEV Kupas\u0131 16&#8217;l\u0131 final tipindeki iki ma\u00e7ta da S\u0131rbistan kadrosu Radnicki&#8217;yi 3-0 ma\u011flup eden sar\u0131-lacivertliler, 8&#8217;li final cinsine y\u00fckseldi.<\/p>\n<p>M\u00fccadelenin r\u00f6van\u015f\u0131 28 Ocak \u00c7ar\u015famba g\u00fcn\u00fc Burhan Felek Vestel Voleybol Salonu&#8217;nda oynanacak.<\/p><\/div>\n<\/p><\/div>\n","protected":false},"excerpt":{"rendered":"<p>CEV Kupas\u0131 8&#8217;li final tipi birinci ma\u00e7\u0131nda Fenerbah\u00e7e Medicana Erkek Voleybol Grubu, OK Alpacem Kanal deplasman\u0131na \u00e7\u0131k\u0131yor<\/p>\n","protected":false},"author":1,"featured_media":51218,"comment_status":"open","ping_status":"open","sticky":false,"template":"","format":"standard","meta":{"footnotes":""},"categories":[39],"tags":[],"class_list":["post-51217","post","type-post","status-publish","format-standard","has-post-thumbnail","hentry","category-voleybol"],"_links":{"self":[{"href":"https:\/\/haberbesiktas.tr\/index.php?rest_route=\/wp\/v2\/posts\/51217","targetHints":{"allow":["GET"]}}],"collection":[{"href":"https:\/\/haberbesiktas.tr\/index.php?rest_route=\/wp\/v2\/posts"}],"about":[{"href":"https:\/\/haberbesiktas.tr\/index.php?rest_route=\/wp\/v2\/types\/post"}],"author":[{"embeddable":true,"href":"https:\/\/haberbesiktas.tr\/index.php?rest_route=\/wp\/v2\/users\/1"}],"replies":[{"embeddable":true,"href":"https:\/\/haberbesiktas.tr\/index.php?rest_route=%2Fwp%2Fv2%2Fcomments&post=51217"}],"version-history":[{"count":1,"href":"https:\/\/haberbesiktas.tr\/index.php?rest_route=\/wp\/v2\/posts\/51217\/revisions"}],"predecessor-version":[{"id":51219,"href":"https:\/\/haberbesiktas.tr\/index.php?rest_route=\/wp\/v2\/posts\/51217\/revisions\/51219"}],"wp:featuredmedia":[{"embeddable":true,"href":"https:\/\/haberbesiktas.tr\/index.php?rest_route=\/wp\/v2\/media\/51218"}],"wp:attachment":[{"href":"https:\/\/haberbesiktas.tr\/index.php?rest_route=%2Fwp%2Fv2%2Fmedia&parent=51217"}],"wp:term":[{"taxonomy":"category","embeddable":true,"href":"https:\/\/haberbesiktas.tr\/index.php?rest_route=%2Fwp%2Fv2%2Fcategories&post=51217"},{"taxonomy":"post_tag","embeddable":true,"href":"https:\/\/haberbesiktas.tr\/index.php?rest_route=%2Fwp%2Fv2%2Ftags&post=51217"}],"curies":[{"name":"wp","href":"https:\/\/api.w.org\/{rel}","templated":true}]}}