{"id":51250,"date":"2026-01-20T11:48:05","date_gmt":"2026-01-20T11:48:05","guid":{"rendered":"https:\/\/haberbesiktas.tr\/?p=51250"},"modified":"2026-01-20T11:48:05","modified_gmt":"2026-01-20T11:48:05","slug":"cumhurbaskani-erdogan-shaq-ile-beraber","status":"publish","type":"post","link":"https:\/\/haberbesiktas.tr\/?p=51250","title":{"rendered":"Cumhurba\u015fkan\u0131 Erdo\u011fan, Shaq ile beraber"},"content":{"rendered":"<div>T\u00fcrkiye Cumhuriyeti Cumhurba\u015fkan\u0131 Recep Tayyip Erdo\u011fan, efsanevi basketbolcu Shaquille O&#8217;Neal ile bir ortaya geldi.<\/p>\n<p> Turkcell Basketbol Geli\u015fim Merkezi&#8217;ndeki bulu\u015fmaya dair Cumhurba\u015fkan\u0131 Erdo\u011fan&#8217;\u0131n resmi instagram hesab\u0131ndan 3 foto\u011frafl\u0131k bir payla\u015f\u0131m yap\u0131ld\u0131.<\/p>\n<p> \u0130\u015fte o anlardan kareler:<\/p>\n<p><img decoding=\"async\" src=\"https:\/\/haberbesiktas.tr\/wp-content\/uploads\/2026\/01\/cumhurbaskani-erdogan-shaq-ile-beraber-0-DHJ3Amq9.jpg\"\/><\/p>\n<p><img decoding=\"async\" src=\"https:\/\/haberbesiktas.tr\/wp-content\/uploads\/2026\/01\/cumhurbaskani-erdogan-shaq-ile-beraber-1-EnFnzyXZ.jpg\"\/><\/p>\n<\/div>\n","protected":false},"excerpt":{"rendered":"<p>Cumhurba\u015fkan\u0131 Recep Tayyip Erdo\u011fan, Shaquille O&#8217;Neal ile bir ortaya geldi.<\/p>\n","protected":false},"author":1,"featured_media":51251,"comment_status":"open","ping_status":"open","sticky":false,"template":"","format":"standard","meta":{"footnotes":""},"categories":[10],"tags":[],"class_list":["post-51250","post","type-post","status-publish","format-standard","has-post-thumbnail","hentry","category-basketbol"],"_links":{"self":[{"href":"https:\/\/haberbesiktas.tr\/index.php?rest_route=\/wp\/v2\/posts\/51250","targetHints":{"allow":["GET"]}}],"collection":[{"href":"https:\/\/haberbesiktas.tr\/index.php?rest_route=\/wp\/v2\/posts"}],"about":[{"href":"https:\/\/haberbesiktas.tr\/index.php?rest_route=\/wp\/v2\/types\/post"}],"author":[{"embeddable":true,"href":"https:\/\/haberbesiktas.tr\/index.php?rest_route=\/wp\/v2\/users\/1"}],"replies":[{"embeddable":true,"href":"https:\/\/haberbesiktas.tr\/index.php?rest_route=%2Fwp%2Fv2%2Fcomments&post=51250"}],"version-history":[{"count":1,"href":"https:\/\/haberbesiktas.tr\/index.php?rest_route=\/wp\/v2\/posts\/51250\/revisions"}],"predecessor-version":[{"id":51254,"href":"https:\/\/haberbesiktas.tr\/index.php?rest_route=\/wp\/v2\/posts\/51250\/revisions\/51254"}],"wp:featuredmedia":[{"embeddable":true,"href":"https:\/\/haberbesiktas.tr\/index.php?rest_route=\/wp\/v2\/media\/51251"}],"wp:attachment":[{"href":"https:\/\/haberbesiktas.tr\/index.php?rest_route=%2Fwp%2Fv2%2Fmedia&parent=51250"}],"wp:term":[{"taxonomy":"category","embeddable":true,"href":"https:\/\/haberbesiktas.tr\/index.php?rest_route=%2Fwp%2Fv2%2Fcategories&post=51250"},{"taxonomy":"post_tag","embeddable":true,"href":"https:\/\/haberbesiktas.tr\/index.php?rest_route=%2Fwp%2Fv2%2Ftags&post=51250"}],"curies":[{"name":"wp","href":"https:\/\/api.w.org\/{rel}","templated":true}]}}