{"id":5137,"date":"2025-01-21T02:47:57","date_gmt":"2025-01-21T02:47:57","guid":{"rendered":"https:\/\/haberbesiktas.tr\/?p=5137"},"modified":"2025-01-21T02:47:57","modified_gmt":"2025-01-21T02:47:57","slug":"flas-iddia-nkunku-tel-takasi","status":"publish","type":"post","link":"https:\/\/haberbesiktas.tr\/?p=5137","title":{"rendered":"Fla\u015f iddia: Nkunku-Tel takas\u0131"},"content":{"rendered":"<div>D\u00fcnya futbolunda transfer \u00e7al\u0131\u015fmalar\u0131 s\u00fcratle s\u00fcr\u00fcyor.\u00a0<\/p>\n<p>L&#8217;Equipe&#8217;in haberine nazaran Bayern M\u00fcnih ve Chelsea, enteresan bir takasa imza atmak \u00fczere.\u00a0<\/p>\n<p>\u0130ngiliz tak\u0131m\u0131, Bayern M\u00fcnih&#8217;ten Mathys Tel&#8217;i tak\u0131m\u0131na katmak isterken Alman ekibi\u00a0<span>Christopher Nkunku i\u00e7in nab\u0131z yoklad\u0131.\u00a0<\/p>\n<p><strong>\u0130K\u0130L\u0130N\u0130N PERFORMANSI<\/strong><\/p>\n<p>Bayern M\u00fcnih&#8217;in Frans\u0131z kanat oyuncusu Mathys Tel, bu d\u00f6nem Bayern M\u00fcnih&#8217;te bekleneni veremedi. <\/p>\n<p>12 ma\u00e7ta 351 dakika m\u00fcddet bulan 19 ya\u015f\u0131ndaki oyuncu, gol yahut asist katk\u0131s\u0131 \u00fcretemedi.<\/p>\n<p>Christopher Nkunku ise bu d\u00f6nem Chelsea ile \u00e7\u0131kt\u0131\u011f\u0131 28 ma\u00e7ta 13 gol 4 asistlik performans sergiledi.\u00a0<\/p>\n<p>27 ya\u015f\u0131ndaki Frans\u0131z&#8217;\u0131n Chelsea ile 2029&#8217;a kadar mukavelesi bulunuyor.<\/span><\/div>\n","protected":false},"excerpt":{"rendered":"<p>Bayern M\u00fcnih ile Chelsea ortas\u0131nda ge\u00e7en bir takas tezi ortaya at\u0131ld\u0131.<\/p>\n","protected":false},"author":1,"featured_media":5138,"comment_status":"open","ping_status":"open","sticky":false,"template":"","format":"standard","meta":{"footnotes":""},"categories":[25],"tags":[],"class_list":["post-5137","post","type-post","status-publish","format-standard","has-post-thumbnail","hentry","category-futbol"],"_links":{"self":[{"href":"https:\/\/haberbesiktas.tr\/index.php?rest_route=\/wp\/v2\/posts\/5137","targetHints":{"allow":["GET"]}}],"collection":[{"href":"https:\/\/haberbesiktas.tr\/index.php?rest_route=\/wp\/v2\/posts"}],"about":[{"href":"https:\/\/haberbesiktas.tr\/index.php?rest_route=\/wp\/v2\/types\/post"}],"author":[{"embeddable":true,"href":"https:\/\/haberbesiktas.tr\/index.php?rest_route=\/wp\/v2\/users\/1"}],"replies":[{"embeddable":true,"href":"https:\/\/haberbesiktas.tr\/index.php?rest_route=%2Fwp%2Fv2%2Fcomments&post=5137"}],"version-history":[{"count":1,"href":"https:\/\/haberbesiktas.tr\/index.php?rest_route=\/wp\/v2\/posts\/5137\/revisions"}],"predecessor-version":[{"id":5139,"href":"https:\/\/haberbesiktas.tr\/index.php?rest_route=\/wp\/v2\/posts\/5137\/revisions\/5139"}],"wp:featuredmedia":[{"embeddable":true,"href":"https:\/\/haberbesiktas.tr\/index.php?rest_route=\/wp\/v2\/media\/5138"}],"wp:attachment":[{"href":"https:\/\/haberbesiktas.tr\/index.php?rest_route=%2Fwp%2Fv2%2Fmedia&parent=5137"}],"wp:term":[{"taxonomy":"category","embeddable":true,"href":"https:\/\/haberbesiktas.tr\/index.php?rest_route=%2Fwp%2Fv2%2Fcategories&post=5137"},{"taxonomy":"post_tag","embeddable":true,"href":"https:\/\/haberbesiktas.tr\/index.php?rest_route=%2Fwp%2Fv2%2Ftags&post=5137"}],"curies":[{"name":"wp","href":"https:\/\/api.w.org\/{rel}","templated":true}]}}