{"id":5140,"date":"2025-01-21T02:59:57","date_gmt":"2025-01-21T02:59:57","guid":{"rendered":"https:\/\/haberbesiktas.tr\/?p=5140"},"modified":"2025-01-21T02:59:57","modified_gmt":"2025-01-21T02:59:57","slug":"gabriel-saranin-donus-tarihi-belli-oldu","status":"publish","type":"post","link":"https:\/\/haberbesiktas.tr\/?p=5140","title":{"rendered":"Gabriel Sara&#8217;n\u0131n d\u00f6n\u00fc\u015f tarihi belli oldu!"},"content":{"rendered":"<div>Galatasaray s\u0131hhat heyeti, Ba\u015fak\u015fehir ile oynanan kupa ma\u00e7\u0131nda sakatlanan ve sa\u011f diz i\u00e7 yan ba\u011flar\u0131nda zorlanma ve kanama tespit edilen Gabriel Sara&#8217;n\u0131n tedavisine devam ediyor.<\/p>\n<p> Ba\u015fak\u015fehir ile oynanan lig ma\u00e7\u0131nda forma giyemeyen Brezilyal\u0131 orta sahan\u0131n ligdeki Hatay ve UEFA Avrupa Ligi&#8217;ndeki Dinamo Kiev ma\u00e7lar\u0131nda da oynamas\u0131n\u0131n g\u00fc\u00e7 oldu\u011fu \u00f6\u011frenildi.<\/p>\n<p> S\u0131hhat heyetinin Sara&#8217;y\u0131 21. haftadaki Konyaspor m\u00fcsabakas\u0131na kadar haz\u0131r duruma getirmeye \u00e7al\u0131\u015faca\u011f\u0131 da gelen haberler ortas\u0131nda.\u00a0<\/p>\n<div>\u00a0<\/div>\n<\/div>\n","protected":false},"excerpt":{"rendered":"<p>Ba\u015fak\u015fehir ile oynanan kupa ma\u00e7\u0131nda sakatlanan Gabriel Sara&#8217;n\u0131n Konyaspor ma\u00e7\u0131nda alanlara d\u00f6nmesi bekleniyor.<\/p>\n","protected":false},"author":1,"featured_media":5141,"comment_status":"open","ping_status":"open","sticky":false,"template":"","format":"standard","meta":{"footnotes":""},"categories":[25],"tags":[],"class_list":["post-5140","post","type-post","status-publish","format-standard","has-post-thumbnail","hentry","category-futbol"],"_links":{"self":[{"href":"https:\/\/haberbesiktas.tr\/index.php?rest_route=\/wp\/v2\/posts\/5140","targetHints":{"allow":["GET"]}}],"collection":[{"href":"https:\/\/haberbesiktas.tr\/index.php?rest_route=\/wp\/v2\/posts"}],"about":[{"href":"https:\/\/haberbesiktas.tr\/index.php?rest_route=\/wp\/v2\/types\/post"}],"author":[{"embeddable":true,"href":"https:\/\/haberbesiktas.tr\/index.php?rest_route=\/wp\/v2\/users\/1"}],"replies":[{"embeddable":true,"href":"https:\/\/haberbesiktas.tr\/index.php?rest_route=%2Fwp%2Fv2%2Fcomments&post=5140"}],"version-history":[{"count":1,"href":"https:\/\/haberbesiktas.tr\/index.php?rest_route=\/wp\/v2\/posts\/5140\/revisions"}],"predecessor-version":[{"id":5142,"href":"https:\/\/haberbesiktas.tr\/index.php?rest_route=\/wp\/v2\/posts\/5140\/revisions\/5142"}],"wp:featuredmedia":[{"embeddable":true,"href":"https:\/\/haberbesiktas.tr\/index.php?rest_route=\/wp\/v2\/media\/5141"}],"wp:attachment":[{"href":"https:\/\/haberbesiktas.tr\/index.php?rest_route=%2Fwp%2Fv2%2Fmedia&parent=5140"}],"wp:term":[{"taxonomy":"category","embeddable":true,"href":"https:\/\/haberbesiktas.tr\/index.php?rest_route=%2Fwp%2Fv2%2Fcategories&post=5140"},{"taxonomy":"post_tag","embeddable":true,"href":"https:\/\/haberbesiktas.tr\/index.php?rest_route=%2Fwp%2Fv2%2Ftags&post=5140"}],"curies":[{"name":"wp","href":"https:\/\/api.w.org\/{rel}","templated":true}]}}