{"id":51438,"date":"2026-01-20T23:36:06","date_gmt":"2026-01-20T23:36:06","guid":{"rendered":"https:\/\/haberbesiktas.tr\/?p=51438"},"modified":"2026-01-20T23:36:06","modified_gmt":"2026-01-20T23:36:06","slug":"lukakunun-menajerinden-besiktas-icin-transfer-yaniti","status":"publish","type":"post","link":"https:\/\/haberbesiktas.tr\/?p=51438","title":{"rendered":"Lukaku&#8217;nun menajerinden Be\u015fikta\u015f i\u00e7in transfer yan\u0131t\u0131!"},"content":{"rendered":"<div>\n<p>Be\u015fikta\u015f&#8217;\u0131n radar\u0131na giren Napoli formas\u0131 giyen Bel\u00e7ikal\u0131 santrfor Romelu Lukaku i\u00e7in \u0130talya&#8217;dan fla\u015f bir arg\u00fcman g\u00fcndeme geldi.<\/p>\n<p><span><em><strong>\u0130talya bas\u0131n\u0131ndan Vilayet Mattino,<\/strong><\/em><\/span> Napoli formas\u0131 giyen Romelu Lukaku&#8217;nun orta transfer devrinde tekrar g\u00fcndeme geldi\u011fini fakat Bel\u00e7ikal\u0131 y\u0131ld\u0131z\u0131n gelen tekliflere kap\u0131y\u0131 kapatt\u0131\u011f\u0131n\u0131 yazd\u0131. Uzun m\u00fcddettir ya\u015fad\u0131\u011f\u0131 kas sakatl\u0131\u011f\u0131n\u0131n akabinde tekrar Antonio Conte&#8217;nin buyru\u011funa giren Lukaku&#8217;nun, ocak ay\u0131nda birtak\u0131m kul\u00fcplerin radar\u0131na girdi\u011fi belirtildi.\u00a0<\/p>\n<p> Haberde, daha evvel Suudi Arabistan kul\u00fcplerinden gelen teklifleri geri \u00e7eviren Lukaku i\u00e7in bu kez<strong> Be\u015fikta\u015f<\/strong> ve<strong> Everton<\/strong>&#8216;un devreye girdi\u011fi aktar\u0131ld\u0131. \u0130ki kul\u00fcb\u00fcn de oyuncunun durumu hakk\u0131nda bilgi ald\u0131\u011f\u0131 lakin Lukaku cephesinden net bir kar\u015f\u0131l\u0131k geldi\u011fi s\u00f6z edildi. <\/p>\n<p> <strong>MENAJER\u0130NDEN A\u00c7IKLAMA<\/strong><\/p>\n<p> <span><em><strong>Il Mattino&#8217;nun haberine g\u00f6re<\/strong> <\/em><\/span>Lukaku&#8217;nun menajeri Federico Pastorello, Be\u015fikta\u015f ve Everton y\u00f6neticilerine olumsuz d\u00f6n\u00fc\u015f yapt\u0131. Pastorello&#8217;nun, Bel\u00e7ikal\u0131 golc\u00fcn\u00fcn d\u00f6nem sonuna kadar Napoli&#8217;de kalaca\u011f\u0131n\u0131 ve Conte ile yollar\u0131n\u0131 ay\u0131rmas\u0131n\u0131n g\u00fcndemde olmad\u0131\u011f\u0131n\u0131 iletti\u011fi kaydedildi.<\/p>\n<p> Gazetede yer alan s\u00f6zde \u015fu vurgu yap\u0131ld\u0131:<\/p>\n<p> <strong>&#8220;Big Rom i\u00e7in \u015fu anda yap\u0131lacak bir \u015fey yok. Lukaku d\u00f6nem sonuna kadar Napoli&#8217;de kalacak, akabinde durum yine pahaland\u0131r\u0131lacak. Arabistan&#8217;dan sonra da \u00e7izgisini bozmad\u0131 ve Conte&#8217;nin yan\u0131nda kalmay\u0131 s\u00fcrd\u00fcr\u00fcyor.&#8221;<\/p>\n<p><\/strong><strong><br \/><\/strong><\/p>\n<\/div>\n","protected":false},"excerpt":{"rendered":"<p>Romelu Lukaku&#8217;nun menajeri, Be\u015fikta\u015f ve Everton&#8217;a olumsuz cevap vererek Bel\u00e7ikal\u0131 golc\u00fcn\u00fcn d\u00f6nem sonuna kadar Napoli&#8217;de kalaca\u011f\u0131n\u0131 bildirdi.<\/p>\n","protected":false},"author":1,"featured_media":51439,"comment_status":"open","ping_status":"open","sticky":false,"template":"","format":"standard","meta":{"footnotes":""},"categories":[25],"tags":[2359],"class_list":["post-51438","post","type-post","status-publish","format-standard","has-post-thumbnail","hentry","category-futbol","tag-lukaku"],"_links":{"self":[{"href":"https:\/\/haberbesiktas.tr\/index.php?rest_route=\/wp\/v2\/posts\/51438","targetHints":{"allow":["GET"]}}],"collection":[{"href":"https:\/\/haberbesiktas.tr\/index.php?rest_route=\/wp\/v2\/posts"}],"about":[{"href":"https:\/\/haberbesiktas.tr\/index.php?rest_route=\/wp\/v2\/types\/post"}],"author":[{"embeddable":true,"href":"https:\/\/haberbesiktas.tr\/index.php?rest_route=\/wp\/v2\/users\/1"}],"replies":[{"embeddable":true,"href":"https:\/\/haberbesiktas.tr\/index.php?rest_route=%2Fwp%2Fv2%2Fcomments&post=51438"}],"version-history":[{"count":1,"href":"https:\/\/haberbesiktas.tr\/index.php?rest_route=\/wp\/v2\/posts\/51438\/revisions"}],"predecessor-version":[{"id":51440,"href":"https:\/\/haberbesiktas.tr\/index.php?rest_route=\/wp\/v2\/posts\/51438\/revisions\/51440"}],"wp:featuredmedia":[{"embeddable":true,"href":"https:\/\/haberbesiktas.tr\/index.php?rest_route=\/wp\/v2\/media\/51439"}],"wp:attachment":[{"href":"https:\/\/haberbesiktas.tr\/index.php?rest_route=%2Fwp%2Fv2%2Fmedia&parent=51438"}],"wp:term":[{"taxonomy":"category","embeddable":true,"href":"https:\/\/haberbesiktas.tr\/index.php?rest_route=%2Fwp%2Fv2%2Fcategories&post=51438"},{"taxonomy":"post_tag","embeddable":true,"href":"https:\/\/haberbesiktas.tr\/index.php?rest_route=%2Fwp%2Fv2%2Ftags&post=51438"}],"curies":[{"name":"wp","href":"https:\/\/api.w.org\/{rel}","templated":true}]}}